{"id":18245,"date":"2025-04-28T03:09:00","date_gmt":"2025-04-28T09:09:00","guid":{"rendered":"https:\/\/cronicadesoledad.com\/?p=18245"},"modified":"2025-04-27T22:49:03","modified_gmt":"2025-04-28T04:49:03","slug":"despiden-al-papa","status":"publish","type":"post","link":"https:\/\/cronicadesoledad.com\/index.php\/2025\/04\/28\/despiden-al-papa\/","title":{"rendered":"Despiden al Papa"},"content":{"rendered":"\n<p>Bajo un tibio sol de primavera, el mundo entero despidi\u00f3 este s\u00e1bado al papa Francisco, en una jornada impregnada de l\u00e1grimas, plegarias y una profunda gratitud que se extendi\u00f3 m\u00e1s all\u00e1 de las fronteras religiosas. La capital italiana fue testigo de un acontecimiento hist\u00f3rico que conmovi\u00f3 a creyentes y no creyentes por igual, en honor a quien durante m\u00e1s de una d\u00e9cada fue un s\u00edmbolo de humildad, compasi\u00f3n y esperanza para millones.<\/p>\n\n\n\n<p>El Pont\u00edfice fue inhumado en la bas\u00edlica de Santa Mar\u00eda la Mayor de Roma, en una ceremonia \u00edntima y serena, acorde al esp\u00edritu sencillo que siempre defini\u00f3 su vida y su pontificado. Francisco hab\u00eda solicitado personalmente un rito alejado del boato y centrado en la oraci\u00f3n, en el amor por los pobres y en la fraternidad universal que tanto predic\u00f3. La decisi\u00f3n de descansar en esta bas\u00edlica, y no en San Pedro, simboliz\u00f3 su permanente cercan\u00eda al pueblo y su deseo de ser recordado no como una figura lejana, sino como un pastor entre su reba\u00f1o.<\/p>\n\n\n\n<p>El f\u00e9retro, sencillo y solemne, recorri\u00f3 por \u00faltima vez las hist\u00f3ricas calles de Roma a bordo del papam\u00f3vil. El cortejo avanz\u00f3 lentamente frente a monumentos milenarios como el Coliseo, los Foros Imperiales y el Arco de Constantino, escenarios eternos de la historia humana. Alrededor de 400,000 fieles acompa\u00f1aron el tr\u00e1nsito, entre sollozos, rezos y c\u00e1nticos. Las campanas de todas las iglesias repicaron al un\u00edsono, mientras que, por momentos, un silencio absoluto cubri\u00f3 la ciudad como un manto de respeto y amor.<\/p>\n\n\n\n<p>La tumba de Francisco, tallada en m\u00e1rmol claro proveniente del norte de Italia \u2014la regi\u00f3n de donde era originaria su familia\u2014, lleva inscrito simplemente &#8220;Franciscus&#8221;, tal como \u00e9l mismo lo pidi\u00f3: sin t\u00edtulos, sin honores grandilocuentes, solo el testimonio silencioso de quien dedic\u00f3 su vida a los olvidados. La sepultura ocupa una antigua capilla que anteriormente resguardaba candelabros votivos, ahora transformada en un santuario de memoria viva para aquellos que quieran rendirle homenaje.<\/p>\n\n\n\n<p>Durante la misa funeral, celebrada en la bas\u00edlica de San Pedro, el cardenal Giovanni Battista Re, visiblemente conmovido, record\u00f3 entre l\u00e1grimas los innumerables esfuerzos de Francisco en defensa de los migrantes, de los pobres, de los perseguidos y de la paz mundial. Cuando el cardenal evoc\u00f3 los llamados incansables del Papa para poner fin a las guerras \u2014especialmente en Ucrania y en Medio Oriente\u2014, estallaron espont\u00e1neos aplausos entre los presentes, como un eco eterno de su voz que nunca dej\u00f3 de clamar por la justicia.<\/p>\n\n\n\n<p>El funeral fue tambi\u00e9n escenario de un inusual gesto de diplomacia internacional. En un breve pero simb\u00f3lico encuentro dentro de la bas\u00edlica, el expresidente estadounidense Donald Trump y el presidente ucraniano Volodimir Zelenski intercambiaron palabras. Seg\u00fan trascendi\u00f3, conversaron sobre la necesidad de alcanzar una tregua total e incondicional, un destello de esperanza en un mundo asolado por los conflictos armados. Ambos l\u00edderes coincidieron en que el legado de Francisco, basado en el di\u00e1logo y la reconciliaci\u00f3n, debe ser honrado con acciones concretas.<\/p>\n\n\n\n<p>Desde las villas humildes de Buenos Aires, donde Jorge Mario Bergoglio inici\u00f3 su camino sacerdotal, hasta los estrechos callejones de Roma, millones lloraron su partida. Francisco ser\u00e1 recordado como &#8220;el papa del pueblo&#8221;, &#8220;el pastor sencillo&#8221; que no temi\u00f3 abrazar a los marginados, besar las heridas del sufrimiento humano y caminar descalzo junto a los m\u00e1s peque\u00f1os de la Tierra. Su vida fue una luz que ilumin\u00f3 los rincones m\u00e1s oscuros del mundo, un faro de fe en tiempos de desesperanza.<\/p>\n\n\n\n<p>Desde ayer domingo, Santa Mar\u00eda La Mayor abri\u00f3 sus puertas para que todos aquellos que deseen acercarse a su tumba puedan hacerlo, en silencio, en oraci\u00f3n, o simplemente con una mirada agradecida. Miles de peregrinos emprendieron su viaje hacia Roma para rendirle un \u00faltimo homenaje y agradecerle por una vida entregada a servir a los dem\u00e1s.<\/p>\n\n\n\n<p>Hoy el mundo est\u00e1 de luto, s\u00ed, pero tambi\u00e9n de gratitud infinita. Francisco no se ha ido del todo. Su voz permanece viva en cada acto de bondad, en cada clamor de justicia, en cada gesto de amor que, como \u00e9l, busque transformar la historia con humildad y misericordia.<\/p>\n","protected":false},"excerpt":{"rendered":"<p>Bajo un tibio sol de primavera, el mundo entero despidi\u00f3 este s\u00e1bado al papa Francisco, en una jornada impregnada de l\u00e1grimas, plegarias y una profunda gratitud que se extendi\u00f3 m\u00e1s all\u00e1 de las fronteras religiosas. La capital italiana fue testigo de un acontecimiento hist\u00f3rico que conmovi\u00f3 a creyentes y no creyentes por igual, en honor [&hellip;]<\/p>\n","protected":false},"author":2,"featured_media":18246,"comment_status":"open","ping_status":"open","sticky":false,"template":"","format":"standard","meta":{"footnotes":""},"categories":[1,24],"tags":[4137,288,287,4135,1736,4136,294,261,27],"class_list":{"0":"post-18245","1":"post","2":"type-post","3":"status-publish","4":"format-standard","5":"has-post-thumbnail","7":"category-destacadas","8":"category-informacion-general","9":"tag-el-vaticano","10":"tag-internacional","11":"tag-nacional","12":"tag-papa","13":"tag-qepd","14":"tag-roma","15":"tag-san-luis","16":"tag-slp","17":"tag-soledad"},"_links":{"self":[{"href":"https:\/\/cronicadesoledad.com\/index.php\/wp-json\/wp\/v2\/posts\/18245","targetHints":{"allow":["GET"]}}],"collection":[{"href":"https:\/\/cronicadesoledad.com\/index.php\/wp-json\/wp\/v2\/posts"}],"about":[{"href":"https:\/\/cronicadesoledad.com\/index.php\/wp-json\/wp\/v2\/types\/post"}],"author":[{"embeddable":true,"href":"https:\/\/cronicadesoledad.com\/index.php\/wp-json\/wp\/v2\/users\/2"}],"replies":[{"embeddable":true,"href":"https:\/\/cronicadesoledad.com\/index.php\/wp-json\/wp\/v2\/comments?post=18245"}],"version-history":[{"count":1,"href":"https:\/\/cronicadesoledad.com\/index.php\/wp-json\/wp\/v2\/posts\/18245\/revisions"}],"predecessor-version":[{"id":18247,"href":"https:\/\/cronicadesoledad.com\/index.php\/wp-json\/wp\/v2\/posts\/18245\/revisions\/18247"}],"wp:featuredmedia":[{"embeddable":true,"href":"https:\/\/cronicadesoledad.com\/index.php\/wp-json\/wp\/v2\/media\/18246"}],"wp:attachment":[{"href":"https:\/\/cronicadesoledad.com\/index.php\/wp-json\/wp\/v2\/media?parent=18245"}],"wp:term":[{"taxonomy":"category","embeddable":true,"href":"https:\/\/cronicadesoledad.com\/index.php\/wp-json\/wp\/v2\/categories?post=18245"},{"taxonomy":"post_tag","embeddable":true,"href":"https:\/\/cronicadesoledad.com\/index.php\/wp-json\/wp\/v2\/tags?post=18245"}],"curies":[{"name":"wp","href":"https:\/\/api.w.org\/{rel}","templated":true}]}}