{"id":18274,"date":"2025-04-28T21:38:54","date_gmt":"2025-04-29T03:38:54","guid":{"rendered":"https:\/\/cronicadesoledad.com\/?p=18274"},"modified":"2025-04-28T21:38:54","modified_gmt":"2025-04-29T03:38:54","slug":"preparan-feria-del-empleo-inclusiva","status":"publish","type":"post","link":"https:\/\/cronicadesoledad.com\/index.php\/2025\/04\/28\/preparan-feria-del-empleo-inclusiva\/","title":{"rendered":"Preparan Feria del Empleo Inclusiva"},"content":{"rendered":"\n<p>Con el firme objetivo de consolidar las estrategias de desarrollo personal y econ\u00f3mico de la ciudadan\u00eda, impulsadas por el Alcalde Juan Manuel Navarro Mu\u00f1iz, el Ayuntamiento de Soledad de Graciano S\u00e1nchez, a trav\u00e9s de la Direcci\u00f3n de Desarrollo Econ\u00f3mico, anunci\u00f3 la realizaci\u00f3n de una Feria del Empleo dirigida exclusivamente a personas con discapacidad, adultos mayores y migrantes que recientemente hayan llegado al municipio.<\/p>\n\n\n\n<p>El titular de la dependencia, H\u00e9ctor Xavier Andrade Ovalle destac\u00f3 que el mes de mayo representa un momento crucial para fortalecer las acciones encaminadas a la inclusi\u00f3n laboral, siguiendo las instrucciones del Alcalde Juan Manuel Navarro Mu\u00f1iz, de asegurar que la generaci\u00f3n de empleos beneficie a todos los sectores de la poblaci\u00f3n soledense, en especial a quienes enfrentan mayores retos para acceder a un puesto de trabajo.<\/p>\n\n\n\n<p>Durante el evento, se contar\u00e1 con la participaci\u00f3n de alrededor de 15 a 20 empresas pertenecientes a los sectores de la construcci\u00f3n, transformaci\u00f3n, industrial secundario y de servicios, ofreciendo m\u00e1s de 200 vacantes, todas ellas con prestaciones de ley; entre las compa\u00f1\u00edas participantes se encuentran firmas reconocidas por su infraestructura adaptada para personas con discapacidad motriz, auditiva, visual e intelectual, como es el caso de APELSA y Grupo Suacero.<\/p>\n\n\n\n<p>\u201cHoy nos encontramos con un sector educativo que egresa a j\u00f3venes, hombres y mujeres, preparados t\u00e9cnicamente para integrarse de manera competitiva al mercado laboral\u201d, subray\u00f3 el funcionario, al resaltar la importancia de \u00e1reas como servicios, log\u00edstica, monitoreo, almac\u00e9n y asistencia administrativa, donde se requieren estudios de secundaria o preparatoria concluida, facilitando la incorporaci\u00f3n de m\u00e1s personas a la vida productiva.<\/p>\n\n\n\n<p>Asimismo, mencion\u00f3 que, en la Direcci\u00f3n de Desarrollo Econ\u00f3mico, diariamente se mantiene abierta la bolsa de trabajo para brindar orientaci\u00f3n personalizada a las y los buscadores de empleo, revisar curr\u00edculums y solicitudes, adem\u00e1s de promover alianzas con instituciones como el ICAT y el SIFIDE para ofrecer capacitaci\u00f3n y financiamiento de proyectos productivos para personas con discapacidad.<\/p>\n\n\n\n<p>\u201cEl Alcalde ha sido claro en su encomienda, queremos fortalecer el comercio y los servicios, y regularizar el mercado laboral, garantizando que cada empleo ofertado cuente con las condiciones legales y de seguridad social que las familias soledenses merecen\u201d, enfatiz\u00f3 el funcionario.<\/p>\n","protected":false},"excerpt":{"rendered":"<p>Con el firme objetivo de consolidar las estrategias de desarrollo personal y econ\u00f3mico de la ciudadan\u00eda, impulsadas por el Alcalde Juan Manuel Navarro Mu\u00f1iz, el Ayuntamiento de Soledad de Graciano S\u00e1nchez, a trav\u00e9s de la Direcci\u00f3n de Desarrollo Econ\u00f3mico, anunci\u00f3 la realizaci\u00f3n de una Feria del Empleo dirigida exclusivamente a personas con discapacidad, adultos mayores [&hellip;]<\/p>\n","protected":false},"author":2,"featured_media":18275,"comment_status":"open","ping_status":"open","sticky":false,"template":"","format":"standard","meta":{"footnotes":""},"categories":[1,24,21],"tags":[223,120,4142,294,261,27],"class_list":{"0":"post-18274","1":"post","2":"type-post","3":"status-publish","4":"format-standard","5":"has-post-thumbnail","7":"category-destacadas","8":"category-informacion-general","9":"category-tu-soledad","10":"tag-ayuntamiento-soledense","11":"tag-feria-del-empleo","12":"tag-inclusion-2","13":"tag-san-luis","14":"tag-slp","15":"tag-soledad"},"_links":{"self":[{"href":"https:\/\/cronicadesoledad.com\/index.php\/wp-json\/wp\/v2\/posts\/18274","targetHints":{"allow":["GET"]}}],"collection":[{"href":"https:\/\/cronicadesoledad.com\/index.php\/wp-json\/wp\/v2\/posts"}],"about":[{"href":"https:\/\/cronicadesoledad.com\/index.php\/wp-json\/wp\/v2\/types\/post"}],"author":[{"embeddable":true,"href":"https:\/\/cronicadesoledad.com\/index.php\/wp-json\/wp\/v2\/users\/2"}],"replies":[{"embeddable":true,"href":"https:\/\/cronicadesoledad.com\/index.php\/wp-json\/wp\/v2\/comments?post=18274"}],"version-history":[{"count":1,"href":"https:\/\/cronicadesoledad.com\/index.php\/wp-json\/wp\/v2\/posts\/18274\/revisions"}],"predecessor-version":[{"id":18276,"href":"https:\/\/cronicadesoledad.com\/index.php\/wp-json\/wp\/v2\/posts\/18274\/revisions\/18276"}],"wp:featuredmedia":[{"embeddable":true,"href":"https:\/\/cronicadesoledad.com\/index.php\/wp-json\/wp\/v2\/media\/18275"}],"wp:attachment":[{"href":"https:\/\/cronicadesoledad.com\/index.php\/wp-json\/wp\/v2\/media?parent=18274"}],"wp:term":[{"taxonomy":"category","embeddable":true,"href":"https:\/\/cronicadesoledad.com\/index.php\/wp-json\/wp\/v2\/categories?post=18274"},{"taxonomy":"post_tag","embeddable":true,"href":"https:\/\/cronicadesoledad.com\/index.php\/wp-json\/wp\/v2\/tags?post=18274"}],"curies":[{"name":"wp","href":"https:\/\/api.w.org\/{rel}","templated":true}]}}