{"id":18293,"date":"2025-04-28T23:18:22","date_gmt":"2025-04-29T05:18:22","guid":{"rendered":"https:\/\/cronicadesoledad.com\/?p=18293"},"modified":"2025-04-28T23:18:23","modified_gmt":"2025-04-29T05:18:23","slug":"continua-programa-de-canje-de-electronicos-por-arboles-en-soledad","status":"publish","type":"post","link":"https:\/\/cronicadesoledad.com\/index.php\/2025\/04\/28\/continua-programa-de-canje-de-electronicos-por-arboles-en-soledad\/","title":{"rendered":"Contin\u00faa programa de canje de electr\u00f3nicos por \u00e1rboles en Soledad"},"content":{"rendered":"\n<p>El Gobierno Municipal de Soledad de Graciano S\u00e1nchez mantiene vigente su programa de recolecci\u00f3n de aparatos electr\u00f3nicos en desuso, mediante el cual se entregan \u00e1rboles a cambio de residuos tecnol\u00f3gicos.<\/p>\n\n\n\n<p>La Direcci\u00f3n de Ecolog\u00eda, responsable de esta iniciativa, inform\u00f3 que se recolectan hasta 200 kilos de basura electr\u00f3nica al mes. El objetivo es reducir el impacto ambiental que generan estos desechos y fomentar una cultura de participaci\u00f3n ciudadana en temas ecol\u00f3gicos.<\/p>\n\n\n\n<p>Las personas interesadas pueden llevar sus aparatos a la Direcci\u00f3n de Ecolog\u00eda, ubicada en Mariano Matamoros #111, en la Unidad Administrativa Municipal, siempre y cuando el material entregado supere los dos kilos de peso.<\/p>\n\n\n\n<p>Seg\u00fan explic\u00f3 la titular del \u00e1rea, Yazm\u00edn Johana Luna Barrios, este programa busca evitar que los residuos electr\u00f3nicos lleguen a vertederos y contaminen el entorno. La entrega de \u00e1rboles forma parte del esfuerzo por incentivar acciones responsables en los hogares.<\/p>\n\n\n\n<p>La recolecci\u00f3n continuar\u00e1 activa como parte de las acciones municipales orientadas a promover pr\u00e1cticas sostenibles entre la poblaci\u00f3n.<\/p>\n","protected":false},"excerpt":{"rendered":"<p>El Gobierno Municipal de Soledad de Graciano S\u00e1nchez mantiene vigente su programa de recolecci\u00f3n de aparatos electr\u00f3nicos en desuso, mediante el cual se entregan \u00e1rboles a cambio de residuos tecnol\u00f3gicos. La Direcci\u00f3n de Ecolog\u00eda, responsable de esta iniciativa, inform\u00f3 que se recolectan hasta 200 kilos de basura electr\u00f3nica al mes. El objetivo es reducir el [&hellip;]<\/p>\n","protected":false},"author":1,"featured_media":18294,"comment_status":"open","ping_status":"open","sticky":false,"template":"","format":"standard","meta":{"footnotes":""},"categories":[24,21],"tags":[2137,4083,261,27],"class_list":{"0":"post-18293","1":"post","2":"type-post","3":"status-publish","4":"format-standard","5":"has-post-thumbnail","7":"category-informacion-general","8":"category-tu-soledad","9":"tag-ecologia-2","10":"tag-gobierno-de-soledad","11":"tag-slp","12":"tag-soledad"},"_links":{"self":[{"href":"https:\/\/cronicadesoledad.com\/index.php\/wp-json\/wp\/v2\/posts\/18293","targetHints":{"allow":["GET"]}}],"collection":[{"href":"https:\/\/cronicadesoledad.com\/index.php\/wp-json\/wp\/v2\/posts"}],"about":[{"href":"https:\/\/cronicadesoledad.com\/index.php\/wp-json\/wp\/v2\/types\/post"}],"author":[{"embeddable":true,"href":"https:\/\/cronicadesoledad.com\/index.php\/wp-json\/wp\/v2\/users\/1"}],"replies":[{"embeddable":true,"href":"https:\/\/cronicadesoledad.com\/index.php\/wp-json\/wp\/v2\/comments?post=18293"}],"version-history":[{"count":1,"href":"https:\/\/cronicadesoledad.com\/index.php\/wp-json\/wp\/v2\/posts\/18293\/revisions"}],"predecessor-version":[{"id":18295,"href":"https:\/\/cronicadesoledad.com\/index.php\/wp-json\/wp\/v2\/posts\/18293\/revisions\/18295"}],"wp:featuredmedia":[{"embeddable":true,"href":"https:\/\/cronicadesoledad.com\/index.php\/wp-json\/wp\/v2\/media\/18294"}],"wp:attachment":[{"href":"https:\/\/cronicadesoledad.com\/index.php\/wp-json\/wp\/v2\/media?parent=18293"}],"wp:term":[{"taxonomy":"category","embeddable":true,"href":"https:\/\/cronicadesoledad.com\/index.php\/wp-json\/wp\/v2\/categories?post=18293"},{"taxonomy":"post_tag","embeddable":true,"href":"https:\/\/cronicadesoledad.com\/index.php\/wp-json\/wp\/v2\/tags?post=18293"}],"curies":[{"name":"wp","href":"https:\/\/api.w.org\/{rel}","templated":true}]}}