{"id":18296,"date":"2025-04-28T23:28:44","date_gmt":"2025-04-29T05:28:44","guid":{"rendered":"https:\/\/cronicadesoledad.com\/?p=18296"},"modified":"2025-04-28T23:28:44","modified_gmt":"2025-04-29T05:28:44","slug":"anuncian-feria-del-empleo-inclusiva-en-soledad","status":"publish","type":"post","link":"https:\/\/cronicadesoledad.com\/index.php\/2025\/04\/28\/anuncian-feria-del-empleo-inclusiva-en-soledad\/","title":{"rendered":"Anuncian Feria del Empleo inclusiva en Soledad"},"content":{"rendered":"\n<p>El Ayuntamiento de Soledad de Graciano S\u00e1nchez llevar\u00e1 a cabo una Feria del Empleo enfocada en personas con discapacidad, adultos mayores y migrantes reci\u00e9n llegados al municipio.<\/p>\n\n\n\n<p>La Direcci\u00f3n de Desarrollo Econ\u00f3mico inform\u00f3 que esta jornada se realizar\u00e1 en mayo y contar\u00e1 con la participaci\u00f3n de entre 15 y 20 empresas de los sectores industrial, de servicios, construcci\u00f3n y transformaci\u00f3n. Se ofrecer\u00e1n m\u00e1s de 200 vacantes con prestaciones de ley.<\/p>\n\n\n\n<p>Las compa\u00f1\u00edas participantes han sido seleccionadas por contar con infraestructura adecuada para personas con distintos tipos de discapacidad. Entre ellas destacan APELSA y Grupo Suacero.<\/p>\n\n\n\n<p>El titular de la dependencia, H\u00e9ctor Xavier Andrade Ovalle, se\u00f1al\u00f3 que el objetivo de este evento es facilitar la integraci\u00f3n de grupos en situaci\u00f3n de vulnerabilidad al mercado laboral, con vacantes que requieren escolaridad b\u00e1sica o media superior.<\/p>\n\n\n\n<p>Adem\u00e1s, la Direcci\u00f3n mantiene abierta su bolsa de trabajo de forma permanente y colabora con instituciones de capacitaci\u00f3n y financiamiento como el ICAT y el SIFIDE, con el fin de apoyar a quienes buscan emprender o mejorar su perfil profesional.<\/p>\n\n\n\n<p><\/p>\n","protected":false},"excerpt":{"rendered":"<p>El Ayuntamiento de Soledad de Graciano S\u00e1nchez llevar\u00e1 a cabo una Feria del Empleo enfocada en personas con discapacidad, adultos mayores y migrantes reci\u00e9n llegados al municipio. La Direcci\u00f3n de Desarrollo Econ\u00f3mico inform\u00f3 que esta jornada se realizar\u00e1 en mayo y contar\u00e1 con la participaci\u00f3n de entre 15 y 20 empresas de los sectores industrial, [&hellip;]<\/p>\n","protected":false},"author":1,"featured_media":18297,"comment_status":"open","ping_status":"open","sticky":false,"template":"","format":"standard","meta":{"footnotes":""},"categories":[24,21],"tags":[120,4142,261,27],"class_list":{"0":"post-18296","1":"post","2":"type-post","3":"status-publish","4":"format-standard","5":"has-post-thumbnail","7":"category-informacion-general","8":"category-tu-soledad","9":"tag-feria-del-empleo","10":"tag-inclusion-2","11":"tag-slp","12":"tag-soledad"},"_links":{"self":[{"href":"https:\/\/cronicadesoledad.com\/index.php\/wp-json\/wp\/v2\/posts\/18296","targetHints":{"allow":["GET"]}}],"collection":[{"href":"https:\/\/cronicadesoledad.com\/index.php\/wp-json\/wp\/v2\/posts"}],"about":[{"href":"https:\/\/cronicadesoledad.com\/index.php\/wp-json\/wp\/v2\/types\/post"}],"author":[{"embeddable":true,"href":"https:\/\/cronicadesoledad.com\/index.php\/wp-json\/wp\/v2\/users\/1"}],"replies":[{"embeddable":true,"href":"https:\/\/cronicadesoledad.com\/index.php\/wp-json\/wp\/v2\/comments?post=18296"}],"version-history":[{"count":1,"href":"https:\/\/cronicadesoledad.com\/index.php\/wp-json\/wp\/v2\/posts\/18296\/revisions"}],"predecessor-version":[{"id":18298,"href":"https:\/\/cronicadesoledad.com\/index.php\/wp-json\/wp\/v2\/posts\/18296\/revisions\/18298"}],"wp:featuredmedia":[{"embeddable":true,"href":"https:\/\/cronicadesoledad.com\/index.php\/wp-json\/wp\/v2\/media\/18297"}],"wp:attachment":[{"href":"https:\/\/cronicadesoledad.com\/index.php\/wp-json\/wp\/v2\/media?parent=18296"}],"wp:term":[{"taxonomy":"category","embeddable":true,"href":"https:\/\/cronicadesoledad.com\/index.php\/wp-json\/wp\/v2\/categories?post=18296"},{"taxonomy":"post_tag","embeddable":true,"href":"https:\/\/cronicadesoledad.com\/index.php\/wp-json\/wp\/v2\/tags?post=18296"}],"curies":[{"name":"wp","href":"https:\/\/api.w.org\/{rel}","templated":true}]}}