{"id":18330,"date":"2025-04-29T19:00:00","date_gmt":"2025-04-30T01:00:00","guid":{"rendered":"https:\/\/cronicadesoledad.com\/?p=18330"},"modified":"2025-04-29T18:18:17","modified_gmt":"2025-04-30T00:18:17","slug":"celebran-el-dia-de-la-ninez-con-alegria-e-inclusion-en-la-ubr-maravillas-del-dif-capitalino","status":"publish","type":"post","link":"https:\/\/cronicadesoledad.com\/index.php\/2025\/04\/29\/celebran-el-dia-de-la-ninez-con-alegria-e-inclusion-en-la-ubr-maravillas-del-dif-capitalino\/","title":{"rendered":"Celebran el D\u00eda de la Ni\u00f1ez con alegr\u00eda e inclusi\u00f3n en la UBR Maravillas del DIF Capitalino"},"content":{"rendered":"\n<p>M\u00e1s de 250 ni\u00f1as y ni\u00f1os disfrutaron de una jornada llena de actividades l\u00fadicas, regalos y sonrisas en un entorno dise\u00f1ado para la integraci\u00f3n y el bienestar.<br>La Unidad B\u00e1sica de Rehabilitaci\u00f3n (UBR) Maravillas del DIF Municipal de San Luis Potos\u00ed fue escenario de una emotiva celebraci\u00f3n del D\u00eda de la Ni\u00f1ez, en la que participaron m\u00e1s de 250 ni\u00f1as y ni\u00f1os usuarios del centro, en una ma\u00f1ana repleta de juegos, sorpresas y actividades dise\u00f1adas para fomentar la inclusi\u00f3n y el desarrollo integral.<\/p>\n\n\n\n<p>La directora del DIF Capitalino, Jessica Albarr\u00e1n Ram\u00edrez, encabez\u00f3 el festejo y destac\u00f3 la importancia de brindar a las infancias espacios seguros y estimulantes. \u201cLa ni\u00f1ez es una etapa llena de sue\u00f1os y alegr\u00eda. En la UBR Maravillas no quisimos dejar pasar la oportunidad de celebrar junto a ellos con actividades que favorezcan su integraci\u00f3n y felicidad\u201d, expres\u00f3.<\/p>\n\n\n\n<p>La celebraci\u00f3n se desarroll\u00f3 bajo una tem\u00e1tica de dinosaurios que llen\u00f3 de color y entusiasmo cada rinc\u00f3n del lugar. Los menores participaron en actividades que estimularon sus habilidades motrices, sensoriales y cognitivas, todo en un ambiente de respeto, inclusi\u00f3n y afecto.<\/p>\n\n\n\n<p>Cuentacuentos, pintacaritas, un espect\u00e1culo de payaso y m\u00faltiples din\u00e1micas l\u00fadicas formaron parte del programa, que adem\u00e1s incluy\u00f3 la entrega de juguetes, frutas, pastelillos, jugos, dulces y regalos sorpresa. El evento culmin\u00f3 con una comida especial que incluy\u00f3 pizzas donadas por Yamel Campos, representante de la Fundaci\u00f3n Saya, dedicada al apoyo de ni\u00f1as y ni\u00f1os con autismo.<\/p>\n\n\n\n<p>La directora Albarr\u00e1n tambi\u00e9n agradeci\u00f3 el compromiso del personal de la UBR Maravillas, quienes se sumaron con entusiasmo para ofrecer refrescos y crear un ambiente c\u00e1lido y festivo. \u201cCada sonrisa y cada gesto de cari\u00f1o nos motiva a seguir impulsando espacios inclusivos para nuestras ni\u00f1as y ni\u00f1os\u201d, afirm\u00f3.<\/p>\n\n\n\n<p>A nombre de la presidenta del DIF Municipal, Estela Arriaga M\u00e1rquez, se reconoci\u00f3 la participaci\u00f3n y confianza de madres, padres y tutores que acompa\u00f1aron a sus hijas e hijos en esta jornada inolvidable.<\/p>\n","protected":false},"excerpt":{"rendered":"<p>M\u00e1s de 250 ni\u00f1as y ni\u00f1os disfrutaron de una jornada llena de actividades l\u00fadicas, regalos y sonrisas en un entorno dise\u00f1ado para la integraci\u00f3n y el bienestar.La Unidad B\u00e1sica de Rehabilitaci\u00f3n (UBR) Maravillas del DIF Municipal de San Luis Potos\u00ed fue escenario de una emotiva celebraci\u00f3n del D\u00eda de la Ni\u00f1ez, en la que participaron [&hellip;]<\/p>\n","protected":false},"author":1,"featured_media":18331,"comment_status":"open","ping_status":"open","sticky":false,"template":"","format":"standard","meta":{"footnotes":""},"categories":[24,21],"tags":[4146,387,261,27,4147],"class_list":{"0":"post-18330","1":"post","2":"type-post","3":"status-publish","4":"format-standard","5":"has-post-thumbnail","7":"category-informacion-general","8":"category-tu-soledad","9":"tag-dia-de-la-ninez-2","10":"tag-dif","11":"tag-slp","12":"tag-soledad","13":"tag-ubr-maravillas"},"_links":{"self":[{"href":"https:\/\/cronicadesoledad.com\/index.php\/wp-json\/wp\/v2\/posts\/18330","targetHints":{"allow":["GET"]}}],"collection":[{"href":"https:\/\/cronicadesoledad.com\/index.php\/wp-json\/wp\/v2\/posts"}],"about":[{"href":"https:\/\/cronicadesoledad.com\/index.php\/wp-json\/wp\/v2\/types\/post"}],"author":[{"embeddable":true,"href":"https:\/\/cronicadesoledad.com\/index.php\/wp-json\/wp\/v2\/users\/1"}],"replies":[{"embeddable":true,"href":"https:\/\/cronicadesoledad.com\/index.php\/wp-json\/wp\/v2\/comments?post=18330"}],"version-history":[{"count":1,"href":"https:\/\/cronicadesoledad.com\/index.php\/wp-json\/wp\/v2\/posts\/18330\/revisions"}],"predecessor-version":[{"id":18332,"href":"https:\/\/cronicadesoledad.com\/index.php\/wp-json\/wp\/v2\/posts\/18330\/revisions\/18332"}],"wp:featuredmedia":[{"embeddable":true,"href":"https:\/\/cronicadesoledad.com\/index.php\/wp-json\/wp\/v2\/media\/18331"}],"wp:attachment":[{"href":"https:\/\/cronicadesoledad.com\/index.php\/wp-json\/wp\/v2\/media?parent=18330"}],"wp:term":[{"taxonomy":"category","embeddable":true,"href":"https:\/\/cronicadesoledad.com\/index.php\/wp-json\/wp\/v2\/categories?post=18330"},{"taxonomy":"post_tag","embeddable":true,"href":"https:\/\/cronicadesoledad.com\/index.php\/wp-json\/wp\/v2\/tags?post=18330"}],"curies":[{"name":"wp","href":"https:\/\/api.w.org\/{rel}","templated":true}]}}