{"id":18347,"date":"2025-04-30T12:42:01","date_gmt":"2025-04-30T18:42:01","guid":{"rendered":"https:\/\/cronicadesoledad.com\/?p=18347"},"modified":"2025-04-30T12:42:01","modified_gmt":"2025-04-30T18:42:01","slug":"carretoneros-acusan-incumplimiento-de-promesas-y-maltrato-institucional","status":"publish","type":"post","link":"https:\/\/cronicadesoledad.com\/index.php\/2025\/04\/30\/carretoneros-acusan-incumplimiento-de-promesas-y-maltrato-institucional\/","title":{"rendered":"Carretoneros acusan incumplimiento de promesas y maltrato institucional"},"content":{"rendered":"\n<p>&nbsp;En un nuevo cap\u00edtulo de desencuentros entre autoridades municipales y grupos de trabajadores informales, los carretoneros de San Luis Potos\u00ed \u2014recolectores particulares de basura que por a\u00f1os han prestado servicio en diversas colonias del municipio\u2014 denunciaron p\u00fablicamente el incumplimiento de acuerdos establecidos, lo que calificaron como un \u201cacto de desd\u00e9n y traici\u00f3n\u201d hacia su labor.<\/p>\n\n\n\n<p>Seg\u00fan Gustavo Aguilar, l\u00edder del grupo de carretoneros, el Ayuntamiento primero les otorg\u00f3 renovaci\u00f3n de gafetes y calcoman\u00edas de identificaci\u00f3n para que pudieran seguir trabajando de manera ordenada.<\/p>\n\n\n\n<p>Sin embargo, poco tiempo despu\u00e9s, sin previo aviso y sin socializar adecuadamente la pol\u00edtica p\u00fablica, dichas acreditaciones fueron retiradas bajo el argumento de combatir el maltrato animal \u2014en alusi\u00f3n al uso de caballos como medio de tracci\u00f3n\u2014, lo cual dej\u00f3 a muchos de ellos fuera de operaci\u00f3n.<\/p>\n\n\n\n<p>Aguilar denunci\u00f3 que la decisi\u00f3n no solo fue arbitraria, sino que tambi\u00e9n careci\u00f3 de alternativas inmediatas para quienes depend\u00edan de este oficio como \u00fanico sustento. \u201cNos dijeron que todo era parte de un programa ecol\u00f3gico en el que ser\u00edamos incluidos. Nos prometieron que nos motorizar\u00edan para seguir trabajando sin animales, y que, en un evento oficial, encabezado por la regidora Maritza exencargada de Bienestar Animal , nos devolver\u00edan nuestros permisos. Han pasado cinco meses y no ha pasado absolutamente nada\u201d, lament\u00f3.<\/p>\n\n\n\n<p>El l\u00edder de los carretoneros se\u00f1al\u00f3 directamente al director de Ecolog\u00eda municipal, Jaime Mendieta Rivera, como el principal responsable de las malas gestiones y de no dar seguimiento a los compromisos adquiridos. \u201cMendieta Rivera se ha limitado a prometer y no ha dado la cara para resolver. Ni motor, ni permisos, ni proyecto ecol\u00f3gico. Nos abandonaron a nuestra suerte\u201d, enfatiz\u00f3.<\/p>\n\n\n\n<p>La situaci\u00f3n ha generado tensi\u00f3n entre el gremio de recolectores y la administraci\u00f3n local, ya que muchos de ellos, al verse impedidos para trabajar, han tenido que buscar otras formas de subsistencia sin \u00e9xito. Algunos incluso reportan haber sido objeto de hostigamiento por intentar seguir trabajando sin la acreditaci\u00f3n retirada.<\/p>\n\n\n\n<p>En contraste, defensores de derechos animales y colectivos ambientales han respaldado la decisi\u00f3n de eliminar el uso de caballos para la recolecci\u00f3n, pero exigen que dicha transici\u00f3n se haga de forma planificada, gradual y con inclusi\u00f3n social.<\/p>\n\n\n\n<p>\u201cNo se puede castigar a los trabajadores por a\u00f1os de abandono institucional. Se debe darles una alternativa real, no solo buenas intenciones\u201d, coment\u00f3 una integrante de un colectivo.<\/p>\n\n\n\n<p>Hasta el momento, ni la regidora Maritza ni el director de Ecolog\u00eda han ofrecido una postura oficial sobre el tema. Por su parte, los carretoneros han anticipado que, de no obtener una respuesta clara en los pr\u00f3ximos d\u00edas, podr\u00edan organizar protestas frente al Palacio Municipal para visibilizar su situaci\u00f3n y exigir una soluci\u00f3n inmediata.<\/p>\n","protected":false},"excerpt":{"rendered":"<p>&nbsp;En un nuevo cap\u00edtulo de desencuentros entre autoridades municipales y grupos de trabajadores informales, los carretoneros de San Luis Potos\u00ed \u2014recolectores particulares de basura que por a\u00f1os han prestado servicio en diversas colonias del municipio\u2014 denunciaron p\u00fablicamente el incumplimiento de acuerdos establecidos, lo que calificaron como un \u201cacto de desd\u00e9n y traici\u00f3n\u201d hacia su labor. [&hellip;]<\/p>\n","protected":false},"author":2,"featured_media":18348,"comment_status":"open","ping_status":"open","sticky":false,"template":"","format":"standard","meta":{"footnotes":""},"categories":[1,3163,3080],"tags":[1412,1391,581,294,261,27],"class_list":{"0":"post-18347","1":"post","2":"type-post","3":"status-publish","4":"format-standard","5":"has-post-thumbnail","7":"category-destacadas","8":"category-san-luis-potosi","9":"category-slp","10":"tag-ayuntamiento-capitalino","11":"tag-basura","12":"tag-limpieza","13":"tag-san-luis","14":"tag-slp","15":"tag-soledad"},"_links":{"self":[{"href":"https:\/\/cronicadesoledad.com\/index.php\/wp-json\/wp\/v2\/posts\/18347","targetHints":{"allow":["GET"]}}],"collection":[{"href":"https:\/\/cronicadesoledad.com\/index.php\/wp-json\/wp\/v2\/posts"}],"about":[{"href":"https:\/\/cronicadesoledad.com\/index.php\/wp-json\/wp\/v2\/types\/post"}],"author":[{"embeddable":true,"href":"https:\/\/cronicadesoledad.com\/index.php\/wp-json\/wp\/v2\/users\/2"}],"replies":[{"embeddable":true,"href":"https:\/\/cronicadesoledad.com\/index.php\/wp-json\/wp\/v2\/comments?post=18347"}],"version-history":[{"count":1,"href":"https:\/\/cronicadesoledad.com\/index.php\/wp-json\/wp\/v2\/posts\/18347\/revisions"}],"predecessor-version":[{"id":18349,"href":"https:\/\/cronicadesoledad.com\/index.php\/wp-json\/wp\/v2\/posts\/18347\/revisions\/18349"}],"wp:featuredmedia":[{"embeddable":true,"href":"https:\/\/cronicadesoledad.com\/index.php\/wp-json\/wp\/v2\/media\/18348"}],"wp:attachment":[{"href":"https:\/\/cronicadesoledad.com\/index.php\/wp-json\/wp\/v2\/media?parent=18347"}],"wp:term":[{"taxonomy":"category","embeddable":true,"href":"https:\/\/cronicadesoledad.com\/index.php\/wp-json\/wp\/v2\/categories?post=18347"},{"taxonomy":"post_tag","embeddable":true,"href":"https:\/\/cronicadesoledad.com\/index.php\/wp-json\/wp\/v2\/tags?post=18347"}],"curies":[{"name":"wp","href":"https:\/\/api.w.org\/{rel}","templated":true}]}}