{"id":18383,"date":"2025-04-30T23:00:00","date_gmt":"2025-05-01T05:00:00","guid":{"rendered":"https:\/\/cronicadesoledad.com\/?p=18383"},"modified":"2025-04-30T22:53:08","modified_gmt":"2025-05-01T04:53:08","slug":"teatro-de-la-paz-se-llena-de-ritmo-y-color-en-celebracion-del-dia-internacional-de-la-danza","status":"publish","type":"post","link":"https:\/\/cronicadesoledad.com\/index.php\/2025\/04\/30\/teatro-de-la-paz-se-llena-de-ritmo-y-color-en-celebracion-del-dia-internacional-de-la-danza\/","title":{"rendered":"Teatro de la Paz se llena de ritmo y color en celebraci\u00f3n del D\u00eda Internacional de la Danza"},"content":{"rendered":"\n<p>En un homenaje vibrante y lleno de energ\u00eda al arte del movimiento, la Secretar\u00eda de Cultura del Gobierno del Estado celebr\u00f3 el D\u00eda Internacional de la Danza con una fiesta esc\u00e9nica que reuni\u00f3 a m\u00e1s de 1500 bailarinas y bailarines en el emblem\u00e1tico Teatro de la Paz.<\/p>\n\n\n\n<p>Durante dos d\u00edas consecutivos, el 28 y 29 de abril, el recinto cultural se transform\u00f3 en un espacio de encuentro para la diversidad danc\u00edstica, en el que participaron agrupaciones provenientes de diferentes municipios del estado. La gala incluy\u00f3 una amplia gama de estilos como flamenco, ballet cl\u00e1sico, danzas tradicionales mexicanas, hip-hop, jazz, ritmos latinos, belly dance y danza africana, reflejando la riqueza cultural que habita en cada rinc\u00f3n de San Luis Potos\u00ed.<\/p>\n\n\n\n<p>El evento no solo deleit\u00f3 al p\u00fablico con su calidad art\u00edstica, sino que tambi\u00e9n envi\u00f3 un poderoso mensaje sobre el papel de la danza como una herramienta de identidad, cohesi\u00f3n social y formaci\u00f3n de valores en ni\u00f1as, ni\u00f1os y j\u00f3venes. \u201cVer a nuestros hijos expresarse con tanta entrega en el escenario es algo que nos llena de orgullo\u201d, coment\u00f3 una madre de familia entre el p\u00fablico asistente.<\/p>\n\n\n\n<p>Adem\u00e1s de ser un espect\u00e1culo lleno de emoci\u00f3n y color, la jornada tuvo un enfoque formativo, ya que varias de las presentaciones fueron preparadas por escuelas y talleres de danza que promueven la educaci\u00f3n art\u00edstica en comunidades urbanas y rurales.<\/p>\n","protected":false},"excerpt":{"rendered":"<p>En un homenaje vibrante y lleno de energ\u00eda al arte del movimiento, la Secretar\u00eda de Cultura del Gobierno del Estado celebr\u00f3 el D\u00eda Internacional de la Danza con una fiesta esc\u00e9nica que reuni\u00f3 a m\u00e1s de 1500 bailarinas y bailarines en el emblem\u00e1tico Teatro de la Paz. Durante dos d\u00edas consecutivos, el 28 y 29 [&hellip;]<\/p>\n","protected":false},"author":1,"featured_media":18384,"comment_status":"open","ping_status":"open","sticky":false,"template":"","format":"standard","meta":{"footnotes":""},"categories":[24,3163],"tags":[4153,3519,261,4055],"class_list":{"0":"post-18383","1":"post","2":"type-post","3":"status-publish","4":"format-standard","5":"has-post-thumbnail","7":"category-informacion-general","8":"category-san-luis-potosi","9":"tag-dia-internacional-de-la-danza","10":"tag-secult","11":"tag-slp","12":"tag-teatro-de-la-paz"},"_links":{"self":[{"href":"https:\/\/cronicadesoledad.com\/index.php\/wp-json\/wp\/v2\/posts\/18383","targetHints":{"allow":["GET"]}}],"collection":[{"href":"https:\/\/cronicadesoledad.com\/index.php\/wp-json\/wp\/v2\/posts"}],"about":[{"href":"https:\/\/cronicadesoledad.com\/index.php\/wp-json\/wp\/v2\/types\/post"}],"author":[{"embeddable":true,"href":"https:\/\/cronicadesoledad.com\/index.php\/wp-json\/wp\/v2\/users\/1"}],"replies":[{"embeddable":true,"href":"https:\/\/cronicadesoledad.com\/index.php\/wp-json\/wp\/v2\/comments?post=18383"}],"version-history":[{"count":1,"href":"https:\/\/cronicadesoledad.com\/index.php\/wp-json\/wp\/v2\/posts\/18383\/revisions"}],"predecessor-version":[{"id":18385,"href":"https:\/\/cronicadesoledad.com\/index.php\/wp-json\/wp\/v2\/posts\/18383\/revisions\/18385"}],"wp:featuredmedia":[{"embeddable":true,"href":"https:\/\/cronicadesoledad.com\/index.php\/wp-json\/wp\/v2\/media\/18384"}],"wp:attachment":[{"href":"https:\/\/cronicadesoledad.com\/index.php\/wp-json\/wp\/v2\/media?parent=18383"}],"wp:term":[{"taxonomy":"category","embeddable":true,"href":"https:\/\/cronicadesoledad.com\/index.php\/wp-json\/wp\/v2\/categories?post=18383"},{"taxonomy":"post_tag","embeddable":true,"href":"https:\/\/cronicadesoledad.com\/index.php\/wp-json\/wp\/v2\/tags?post=18383"}],"curies":[{"name":"wp","href":"https:\/\/api.w.org\/{rel}","templated":true}]}}