{"id":18461,"date":"2025-05-02T18:37:22","date_gmt":"2025-05-03T00:37:22","guid":{"rendered":"https:\/\/cronicadesoledad.com\/?p=18461"},"modified":"2025-06-12T12:51:09","modified_gmt":"2025-06-12T18:51:09","slug":"lanzaran-programa-temporal-de-empleo","status":"publish","type":"post","link":"https:\/\/cronicadesoledad.com\/index.php\/2025\/05\/02\/lanzaran-programa-temporal-de-empleo\/","title":{"rendered":"Lanzar\u00e1n programa temporal de empleo"},"content":{"rendered":"\n<p>El Ayuntamiento de Soledad de Graciano S\u00e1nchez iniciar\u00e1 un programa de empleo temporal que beneficiar\u00e1 a alrededor de 100 personas, quienes ser\u00e1n contratadas para pintar fachadas de condominios en distintas colonias. La iniciativa busca mejorar la imagen urbana y apoyar econ\u00f3micamente a sectores marginados.<\/p>\n\n\n\n<p>El alcalde Juan Manuel Navarro explic\u00f3 que este modelo retoma experiencias anteriores implementadas por el gobernador Ricardo Gallardo, tanto en Soledad como en la capital potosina, donde se contrataron j\u00f3venes de zonas con problemas sociales para mejorar el entorno.<\/p>\n\n\n\n<p>Los participantes recibir\u00e1n un pago por metro cuadrado pintado, con pagos semanales. El municipio proveer\u00e1 los materiales y supervisar\u00e1 los trabajos a trav\u00e9s de la Direcci\u00f3n de Infraestructura. El proyecto comenzar\u00e1 en la colonia Los Laureles y durar\u00e1 de uno a dos meses, con posibilidad de extenderse a otras zonas.<\/p>\n\n\n\n<p>Adem\u00e1s de generar ingresos, se espera que el programa eleve la plusval\u00eda de las viviendas y brinde oportunidades a j\u00f3venes y mujeres en situaci\u00f3n vulnerable. El alcalde resalt\u00f3 que esta medida tambi\u00e9n busca fortalecer el tejido social en las colonias intervenidas.<\/p>\n","protected":false},"excerpt":{"rendered":"<p>El Ayuntamiento de Soledad de Graciano S\u00e1nchez iniciar\u00e1 un programa de empleo temporal que beneficiar\u00e1 a alrededor de 100 personas, quienes ser\u00e1n contratadas para pintar fachadas de condominios en distintas colonias. La iniciativa busca mejorar la imagen urbana y apoyar econ\u00f3micamente a sectores marginados. El alcalde Juan Manuel Navarro explic\u00f3 que este modelo retoma experiencias [&hellip;]<\/p>\n","protected":false},"author":2,"featured_media":18462,"comment_status":"open","ping_status":"open","sticky":false,"template":"","format":"standard","meta":{"footnotes":""},"categories":[1,24,21],"tags":[1968,223,1765,1967,294,261,27],"class_list":{"0":"post-18461","1":"post","2":"type-post","3":"status-publish","4":"format-standard","5":"has-post-thumbnail","7":"category-destacadas","8":"category-informacion-general","9":"category-tu-soledad","10":"tag-alcalde","11":"tag-ayuntamiento-soledense","12":"tag-empleo","13":"tag-juan-manuel-navarro","14":"tag-san-luis","15":"tag-slp","16":"tag-soledad"},"_links":{"self":[{"href":"https:\/\/cronicadesoledad.com\/index.php\/wp-json\/wp\/v2\/posts\/18461","targetHints":{"allow":["GET"]}}],"collection":[{"href":"https:\/\/cronicadesoledad.com\/index.php\/wp-json\/wp\/v2\/posts"}],"about":[{"href":"https:\/\/cronicadesoledad.com\/index.php\/wp-json\/wp\/v2\/types\/post"}],"author":[{"embeddable":true,"href":"https:\/\/cronicadesoledad.com\/index.php\/wp-json\/wp\/v2\/users\/2"}],"replies":[{"embeddable":true,"href":"https:\/\/cronicadesoledad.com\/index.php\/wp-json\/wp\/v2\/comments?post=18461"}],"version-history":[{"count":1,"href":"https:\/\/cronicadesoledad.com\/index.php\/wp-json\/wp\/v2\/posts\/18461\/revisions"}],"predecessor-version":[{"id":18463,"href":"https:\/\/cronicadesoledad.com\/index.php\/wp-json\/wp\/v2\/posts\/18461\/revisions\/18463"}],"wp:featuredmedia":[{"embeddable":true,"href":"https:\/\/cronicadesoledad.com\/index.php\/wp-json\/wp\/v2\/media\/18462"}],"wp:attachment":[{"href":"https:\/\/cronicadesoledad.com\/index.php\/wp-json\/wp\/v2\/media?parent=18461"}],"wp:term":[{"taxonomy":"category","embeddable":true,"href":"https:\/\/cronicadesoledad.com\/index.php\/wp-json\/wp\/v2\/categories?post=18461"},{"taxonomy":"post_tag","embeddable":true,"href":"https:\/\/cronicadesoledad.com\/index.php\/wp-json\/wp\/v2\/tags?post=18461"}],"curies":[{"name":"wp","href":"https:\/\/api.w.org\/{rel}","templated":true}]}}