{"id":18546,"date":"2025-05-04T22:35:51","date_gmt":"2025-05-05T04:35:51","guid":{"rendered":"https:\/\/cronicadesoledad.com\/?p=18546"},"modified":"2025-05-04T22:35:51","modified_gmt":"2025-05-05T04:35:51","slug":"fgeslp-cumplimenta-orden-de-aprehension-en-contra-de-sergio-n-por-probable-homicidio-en-cardenas","status":"publish","type":"post","link":"https:\/\/cronicadesoledad.com\/index.php\/2025\/05\/04\/fgeslp-cumplimenta-orden-de-aprehension-en-contra-de-sergio-n-por-probable-homicidio-en-cardenas\/","title":{"rendered":"FGESLP cumplimenta orden de aprehensi\u00f3n en contra de Sergio \u201cN\u201d por probable homicidio en C\u00e1rdenas"},"content":{"rendered":"\n<p>Agentes de la Polic\u00eda de Investigaci\u00f3n (PDI) de la Fiscal\u00eda General del Estado de San Luis Potos\u00ed (FGESLP), cumplimentaron una orden de aprehensi\u00f3n en contra de Sergio \u201cN\u201d, por su probable responsabilidad en el delito que la ley se\u00f1ala como homicidio calificado, ocurrido en el municipio de C\u00e1rdenas.<\/p>\n\n\n\n<p>Los hechos ocurrieron en diciembre de 2024, en la localidad de Lobos de la demarcaci\u00f3n ya mencionada y ubicada en la Zona Media. En este sitio el imputado habr\u00eda accionado un arma de fuego en contra de la v\u00edctima por un conflicto personal y posteriormente se report\u00f3 que ya no contaba con signos vitales.<\/p>\n\n\n\n<p>Agentes Fiscales de la Delegaci\u00f3n Tercera del ente procurador de justicia iniciaron las investigaciones correspondientes, obteniendo datos de prueba que fueron integrados a la carpeta de investigaci\u00f3n, misma que fue judicializada y se le present\u00f3 a un Juez de Control, solicit\u00e1ndole el mandato judicial que fue emitido y con el cual se logr\u00f3 su captura.<\/p>\n\n\n\n<p>Con el documento en su poder, personal de la PDI logr\u00f3 ubicar a Sergio \u201cN\u201d en la misma demarcaci\u00f3n y en donde se le dio lectura al mandamiento en su contra, as\u00ed como de sus derechos, para finalmente dejarlo a disposici\u00f3n de la autoridad judicial que definir\u00e1 su situaci\u00f3n jur\u00eddica<\/p>\n","protected":false},"excerpt":{"rendered":"<p>Agentes de la Polic\u00eda de Investigaci\u00f3n (PDI) de la Fiscal\u00eda General del Estado de San Luis Potos\u00ed (FGESLP), cumplimentaron una orden de aprehensi\u00f3n en contra de Sergio \u201cN\u201d, por su probable responsabilidad en el delito que la ley se\u00f1ala como homicidio calificado, ocurrido en el municipio de C\u00e1rdenas. Los hechos ocurrieron en diciembre de 2024, [&hellip;]<\/p>\n","protected":false},"author":1,"featured_media":18547,"comment_status":"open","ping_status":"open","sticky":false,"template":"","format":"standard","meta":{"footnotes":""},"categories":[24,3163,19,3080],"tags":[473,1512,294,276,261],"class_list":{"0":"post-18546","1":"post","2":"type-post","3":"status-publish","4":"format-standard","5":"has-post-thumbnail","7":"category-informacion-general","8":"category-san-luis-potosi","9":"category-seguridad","10":"category-slp","11":"tag-fgeslp","12":"tag-homicidio","13":"tag-san-luis","14":"tag-seguridad","15":"tag-slp"},"_links":{"self":[{"href":"https:\/\/cronicadesoledad.com\/index.php\/wp-json\/wp\/v2\/posts\/18546","targetHints":{"allow":["GET"]}}],"collection":[{"href":"https:\/\/cronicadesoledad.com\/index.php\/wp-json\/wp\/v2\/posts"}],"about":[{"href":"https:\/\/cronicadesoledad.com\/index.php\/wp-json\/wp\/v2\/types\/post"}],"author":[{"embeddable":true,"href":"https:\/\/cronicadesoledad.com\/index.php\/wp-json\/wp\/v2\/users\/1"}],"replies":[{"embeddable":true,"href":"https:\/\/cronicadesoledad.com\/index.php\/wp-json\/wp\/v2\/comments?post=18546"}],"version-history":[{"count":1,"href":"https:\/\/cronicadesoledad.com\/index.php\/wp-json\/wp\/v2\/posts\/18546\/revisions"}],"predecessor-version":[{"id":18548,"href":"https:\/\/cronicadesoledad.com\/index.php\/wp-json\/wp\/v2\/posts\/18546\/revisions\/18548"}],"wp:featuredmedia":[{"embeddable":true,"href":"https:\/\/cronicadesoledad.com\/index.php\/wp-json\/wp\/v2\/media\/18547"}],"wp:attachment":[{"href":"https:\/\/cronicadesoledad.com\/index.php\/wp-json\/wp\/v2\/media?parent=18546"}],"wp:term":[{"taxonomy":"category","embeddable":true,"href":"https:\/\/cronicadesoledad.com\/index.php\/wp-json\/wp\/v2\/categories?post=18546"},{"taxonomy":"post_tag","embeddable":true,"href":"https:\/\/cronicadesoledad.com\/index.php\/wp-json\/wp\/v2\/tags?post=18546"}],"curies":[{"name":"wp","href":"https:\/\/api.w.org\/{rel}","templated":true}]}}