{"id":18549,"date":"2025-05-04T22:39:59","date_gmt":"2025-05-05T04:39:59","guid":{"rendered":"https:\/\/cronicadesoledad.com\/?p=18549"},"modified":"2025-05-04T22:39:59","modified_gmt":"2025-05-05T04:39:59","slug":"pdi-aprehende-a-individuo-relacionado-en-el-delito-de-homicidio-calificado","status":"publish","type":"post","link":"https:\/\/cronicadesoledad.com\/index.php\/2025\/05\/04\/pdi-aprehende-a-individuo-relacionado-en-el-delito-de-homicidio-calificado\/","title":{"rendered":"PDI aprehende a individuo relacionado en el delito de homicidio calificado"},"content":{"rendered":"\n<p>Agentes de la Polic\u00eda de Investigaci\u00f3n (PDI) cumplimentaron un mandamiento judicial en contra de Felipe \u201cN\u201d, por desacatar las medidas precautorias dictadas que hab\u00eda recibido luego que fue relacionado con un homicidio ocurrido en la capital potosina.<\/p>\n\n\n\n<p>De acuerdo con las investigaciones, el imputado habr\u00eda participado en compa\u00f1\u00eda de otros sujetos en la privaci\u00f3n de la vida a un masculino, por esta raz\u00f3n, el se\u00f1alado ya se encontraba cumpliendo su proceso penal y hab\u00eda obtenido su libertad condicional, pero al incumplir las medidas respectivas, se libr\u00f3 el mandato judicial.<\/p>\n\n\n\n<p>La orden fue ejecutada en la Zona Centro de la ciudad de San Luis Potos\u00ed, donde fue informado sobre el motivo de su detenci\u00f3n, as\u00ed como de los derechos que le asisten como persona en calidad de detenida.<\/p>\n\n\n\n<p>El imputado fue ingresado al Centro Penitenciario n\u00famero uno, ubicado en la Delegaci\u00f3n La Pila, donde estar\u00e1 a disposici\u00f3n de la autoridad judicial que definir\u00e1 su situaci\u00f3n jur\u00eddica.<\/p>\n","protected":false},"excerpt":{"rendered":"<p>Agentes de la Polic\u00eda de Investigaci\u00f3n (PDI) cumplimentaron un mandamiento judicial en contra de Felipe \u201cN\u201d, por desacatar las medidas precautorias dictadas que hab\u00eda recibido luego que fue relacionado con un homicidio ocurrido en la capital potosina. De acuerdo con las investigaciones, el imputado habr\u00eda participado en compa\u00f1\u00eda de otros sujetos en la privaci\u00f3n de [&hellip;]<\/p>\n","protected":false},"author":1,"featured_media":18550,"comment_status":"open","ping_status":"open","sticky":false,"template":"","format":"standard","meta":{"footnotes":""},"categories":[24,3163,19,3080],"tags":[4186,1753,294,276,261],"class_list":{"0":"post-18549","1":"post","2":"type-post","3":"status-publish","4":"format-standard","5":"has-post-thumbnail","7":"category-informacion-general","8":"category-san-luis-potosi","9":"category-seguridad","10":"category-slp","11":"tag-homicidio-calificado","12":"tag-pdi","13":"tag-san-luis","14":"tag-seguridad","15":"tag-slp"},"_links":{"self":[{"href":"https:\/\/cronicadesoledad.com\/index.php\/wp-json\/wp\/v2\/posts\/18549","targetHints":{"allow":["GET"]}}],"collection":[{"href":"https:\/\/cronicadesoledad.com\/index.php\/wp-json\/wp\/v2\/posts"}],"about":[{"href":"https:\/\/cronicadesoledad.com\/index.php\/wp-json\/wp\/v2\/types\/post"}],"author":[{"embeddable":true,"href":"https:\/\/cronicadesoledad.com\/index.php\/wp-json\/wp\/v2\/users\/1"}],"replies":[{"embeddable":true,"href":"https:\/\/cronicadesoledad.com\/index.php\/wp-json\/wp\/v2\/comments?post=18549"}],"version-history":[{"count":1,"href":"https:\/\/cronicadesoledad.com\/index.php\/wp-json\/wp\/v2\/posts\/18549\/revisions"}],"predecessor-version":[{"id":18551,"href":"https:\/\/cronicadesoledad.com\/index.php\/wp-json\/wp\/v2\/posts\/18549\/revisions\/18551"}],"wp:featuredmedia":[{"embeddable":true,"href":"https:\/\/cronicadesoledad.com\/index.php\/wp-json\/wp\/v2\/media\/18550"}],"wp:attachment":[{"href":"https:\/\/cronicadesoledad.com\/index.php\/wp-json\/wp\/v2\/media?parent=18549"}],"wp:term":[{"taxonomy":"category","embeddable":true,"href":"https:\/\/cronicadesoledad.com\/index.php\/wp-json\/wp\/v2\/categories?post=18549"},{"taxonomy":"post_tag","embeddable":true,"href":"https:\/\/cronicadesoledad.com\/index.php\/wp-json\/wp\/v2\/tags?post=18549"}],"curies":[{"name":"wp","href":"https:\/\/api.w.org\/{rel}","templated":true}]}}