{"id":18614,"date":"2025-05-06T21:49:35","date_gmt":"2025-05-07T03:49:35","guid":{"rendered":"https:\/\/cronicadesoledad.com\/?p=18614"},"modified":"2025-05-06T21:49:36","modified_gmt":"2025-05-07T03:49:36","slug":"villa-de-pozos-celebro-a-madres-adultas-mayores","status":"publish","type":"post","link":"https:\/\/cronicadesoledad.com\/index.php\/2025\/05\/06\/villa-de-pozos-celebro-a-madres-adultas-mayores\/","title":{"rendered":"Villa de Pozos celebr\u00f3 a madres adultas mayores"},"content":{"rendered":"\n<p>Con motivo del D\u00eda de la Madre, el Gobierno de Villa de Pozos, a trav\u00e9s del Sistema Municipal DIF, organiz\u00f3 una emotiva celebraci\u00f3n dedicada a las madres que forman parte de los clubs de adulto mayor del DIF Municipal, en el Centro Recreativo Gogorr\u00f3n, en donde se rindi\u00f3 homenaje al amor incondicional, la dedicaci\u00f3n y la fortaleza de las mujeres que son base fundamental en sus hogares y comunidades.<\/p>\n\n\n\n<p>La presidenta del DIF Municipal, Laura Ang\u00e9lica Villanueva Hern\u00e1ndez, expres\u00f3 su reconocimiento a cada una de las madres presentes y destac\u00f3 su invaluable labor como gu\u00edas y pilares de las familias poce\u00f1as.<\/p>\n\n\n\n<p>La celebraci\u00f3n incluy\u00f3 actividades de activaci\u00f3n f\u00edsica, sesiones de yoga y momentos de convivencia en un ambiente lleno de alegr\u00eda, compa\u00f1erismo y gratitud, adem\u00e1s, las asistentes disfrutaron de refrigerios y recibieron un peque\u00f1o obsequio como muestra del aprecio y cari\u00f1o del DIF Municipal.<\/p>\n\n\n\n<p>Esta actividad, form\u00f3 parte del reconocimiento del Gobierno Municipal hacia las madres poce\u00f1as y reforz\u00f3 su compromiso con el bienestar de las personas adultas mayores.<\/p>\n","protected":false},"excerpt":{"rendered":"<p>Con motivo del D\u00eda de la Madre, el Gobierno de Villa de Pozos, a trav\u00e9s del Sistema Municipal DIF, organiz\u00f3 una emotiva celebraci\u00f3n dedicada a las madres que forman parte de los clubs de adulto mayor del DIF Municipal, en el Centro Recreativo Gogorr\u00f3n, en donde se rindi\u00f3 homenaje al amor incondicional, la dedicaci\u00f3n y [&hellip;]<\/p>\n","protected":false},"author":1,"featured_media":18622,"comment_status":"open","ping_status":"open","sticky":false,"template":"","format":"standard","meta":{"footnotes":""},"categories":[1,24,3175],"tags":[4196,387,294,261,1068],"class_list":{"0":"post-18614","1":"post","2":"type-post","3":"status-publish","4":"format-standard","5":"has-post-thumbnail","7":"category-destacadas","8":"category-informacion-general","9":"category-pozos","10":"tag-dia-de-la-madre","11":"tag-dif","12":"tag-san-luis","13":"tag-slp","14":"tag-villa-de-pozos"},"_links":{"self":[{"href":"https:\/\/cronicadesoledad.com\/index.php\/wp-json\/wp\/v2\/posts\/18614","targetHints":{"allow":["GET"]}}],"collection":[{"href":"https:\/\/cronicadesoledad.com\/index.php\/wp-json\/wp\/v2\/posts"}],"about":[{"href":"https:\/\/cronicadesoledad.com\/index.php\/wp-json\/wp\/v2\/types\/post"}],"author":[{"embeddable":true,"href":"https:\/\/cronicadesoledad.com\/index.php\/wp-json\/wp\/v2\/users\/1"}],"replies":[{"embeddable":true,"href":"https:\/\/cronicadesoledad.com\/index.php\/wp-json\/wp\/v2\/comments?post=18614"}],"version-history":[{"count":1,"href":"https:\/\/cronicadesoledad.com\/index.php\/wp-json\/wp\/v2\/posts\/18614\/revisions"}],"predecessor-version":[{"id":18624,"href":"https:\/\/cronicadesoledad.com\/index.php\/wp-json\/wp\/v2\/posts\/18614\/revisions\/18624"}],"wp:featuredmedia":[{"embeddable":true,"href":"https:\/\/cronicadesoledad.com\/index.php\/wp-json\/wp\/v2\/media\/18622"}],"wp:attachment":[{"href":"https:\/\/cronicadesoledad.com\/index.php\/wp-json\/wp\/v2\/media?parent=18614"}],"wp:term":[{"taxonomy":"category","embeddable":true,"href":"https:\/\/cronicadesoledad.com\/index.php\/wp-json\/wp\/v2\/categories?post=18614"},{"taxonomy":"post_tag","embeddable":true,"href":"https:\/\/cronicadesoledad.com\/index.php\/wp-json\/wp\/v2\/tags?post=18614"}],"curies":[{"name":"wp","href":"https:\/\/api.w.org\/{rel}","templated":true}]}}