{"id":18626,"date":"2025-05-06T22:30:00","date_gmt":"2025-05-07T04:30:00","guid":{"rendered":"https:\/\/cronicadesoledad.com\/?p=18626"},"modified":"2025-05-06T21:58:13","modified_gmt":"2025-05-07T03:58:13","slug":"expo-emprendimiento-en-villa-de-pozos-por-el-dia-de-la-madre","status":"publish","type":"post","link":"https:\/\/cronicadesoledad.com\/index.php\/2025\/05\/06\/expo-emprendimiento-en-villa-de-pozos-por-el-dia-de-la-madre\/","title":{"rendered":"Expo emprendimiento en Villa de Pozos por el d\u00eda de la madre"},"content":{"rendered":"\n<p>En el marco de la celebraci\u00f3n del D\u00eda de las Madres, el Gobierno de Villa de Pozos, a trav\u00e9s de la Direcci\u00f3n de Desarrollo Econ\u00f3mico, convoca a las y los emprendedores del municipio a formar parte del Pabell\u00f3n Expo Emprendimiento, que se llevar\u00e1 a cabo los d\u00edas 9, 10 y 11 de mayo en el jard\u00edn principal de Villa de Pozos, en un horario de 10:00 a 21:00 horas.<\/p>\n\n\n\n<p>El director de Desarrollo Econ\u00f3mico, Juan Alejandro M\u00e9ndez Zavala, detall\u00f3 que esta iniciativa tiene como principal objetivo apoyar la econom\u00eda de las familias poce\u00f1as y fomentar el desarrollo de la econom\u00eda local, al brindar un espacio de exposici\u00f3n y venta para productos y servicios creados por emprendedores de la regi\u00f3n.<\/p>\n\n\n\n<p>Las personas interesadas en participar deber\u00e1n inscribirse hasta el d\u00eda 6 de mayo en las oficinas de Desarrollo Econ\u00f3mico ubicadas en la Presidencia Municipal, o bien comunicarse al tel\u00e9fono 444 703 7189 para mayor informaci\u00f3n.<\/p>\n\n\n\n<p>Con esta iniciativa, el Gobierno de Villa de Pozos reafirma su compromiso con el impulso al emprendimiento local y con la creaci\u00f3n de espacios que favorezcan el crecimiento econ\u00f3mico del municipio.<\/p>\n","protected":false},"excerpt":{"rendered":"<p>En el marco de la celebraci\u00f3n del D\u00eda de las Madres, el Gobierno de Villa de Pozos, a trav\u00e9s de la Direcci\u00f3n de Desarrollo Econ\u00f3mico, convoca a las y los emprendedores del municipio a formar parte del Pabell\u00f3n Expo Emprendimiento, que se llevar\u00e1 a cabo los d\u00edas 9, 10 y 11 de mayo en el [&hellip;]<\/p>\n","protected":false},"author":1,"featured_media":18627,"comment_status":"open","ping_status":"open","sticky":false,"template":"","format":"standard","meta":{"footnotes":""},"categories":[24,3175],"tags":[4197,3357,294,261,1068],"class_list":{"0":"post-18626","1":"post","2":"type-post","3":"status-publish","4":"format-standard","5":"has-post-thumbnail","7":"category-informacion-general","8":"category-pozos","9":"tag-dia-de-la-madre-2","10":"tag-economia-2","11":"tag-san-luis","12":"tag-slp","13":"tag-villa-de-pozos"},"_links":{"self":[{"href":"https:\/\/cronicadesoledad.com\/index.php\/wp-json\/wp\/v2\/posts\/18626","targetHints":{"allow":["GET"]}}],"collection":[{"href":"https:\/\/cronicadesoledad.com\/index.php\/wp-json\/wp\/v2\/posts"}],"about":[{"href":"https:\/\/cronicadesoledad.com\/index.php\/wp-json\/wp\/v2\/types\/post"}],"author":[{"embeddable":true,"href":"https:\/\/cronicadesoledad.com\/index.php\/wp-json\/wp\/v2\/users\/1"}],"replies":[{"embeddable":true,"href":"https:\/\/cronicadesoledad.com\/index.php\/wp-json\/wp\/v2\/comments?post=18626"}],"version-history":[{"count":1,"href":"https:\/\/cronicadesoledad.com\/index.php\/wp-json\/wp\/v2\/posts\/18626\/revisions"}],"predecessor-version":[{"id":18628,"href":"https:\/\/cronicadesoledad.com\/index.php\/wp-json\/wp\/v2\/posts\/18626\/revisions\/18628"}],"wp:featuredmedia":[{"embeddable":true,"href":"https:\/\/cronicadesoledad.com\/index.php\/wp-json\/wp\/v2\/media\/18627"}],"wp:attachment":[{"href":"https:\/\/cronicadesoledad.com\/index.php\/wp-json\/wp\/v2\/media?parent=18626"}],"wp:term":[{"taxonomy":"category","embeddable":true,"href":"https:\/\/cronicadesoledad.com\/index.php\/wp-json\/wp\/v2\/categories?post=18626"},{"taxonomy":"post_tag","embeddable":true,"href":"https:\/\/cronicadesoledad.com\/index.php\/wp-json\/wp\/v2\/tags?post=18626"}],"curies":[{"name":"wp","href":"https:\/\/api.w.org\/{rel}","templated":true}]}}