{"id":18659,"date":"2025-05-07T17:00:00","date_gmt":"2025-05-07T23:00:00","guid":{"rendered":"https:\/\/cronicadesoledad.com\/?p=18659"},"modified":"2025-05-07T16:23:14","modified_gmt":"2025-05-07T22:23:14","slug":"villa-de-pozos-avanza-hacia-un-turismo-inclusivo","status":"publish","type":"post","link":"https:\/\/cronicadesoledad.com\/index.php\/2025\/05\/07\/villa-de-pozos-avanza-hacia-un-turismo-inclusivo\/","title":{"rendered":"Villa de Pozos avanza hacia un turismo inclusivo"},"content":{"rendered":"\n<p>Para elevar la calidad del servicio p\u00fablico y promover un turismo accesible para todas y todos, el Gobierno de Villa de Pozos, en coordinaci\u00f3n con la Secretar\u00eda de Turismo del Gobierno del Estado, llev\u00f3 a cabo una capacitaci\u00f3n en atenci\u00f3n a personas con discapacidad y adultos mayores.<\/p>\n\n\n\n<p>El taller de sensibilizaci\u00f3n, cont\u00f3 con la participaci\u00f3n de prestadores de servicios tur\u00edsticos, estudiantes y funcionarios municipales, quienes recibieron capacitaci\u00f3n sobre turismo social e inclusivo, con el objetivo de que Villa de Pozos ofrezca experiencias tur\u00edsticas sin barreras, promueva la equidad y el respeto en cada punto de contacto con visitantes y habitantes.<\/p>\n\n\n\n<p>La directora de Turismo Municipal, Aurora Zamora V\u00e1zquez, destac\u00f3 que estas acciones permiten avanzar hacia un municipio m\u00e1s incluyente, ya que, esta capacitaci\u00f3n representa un avance para que todas las personas puedan disfrutar de lo que ofrece Villa de Pozos, con acceso pleno a espacios tur\u00edsticos y servicios.<\/p>\n\n\n\n<p>Por su parte, la Secretar\u00eda de Turismo estatal es la encargada de supervisar y diagnosticar las condiciones de accesibilidad en hoteles, restaurantes y sitios tur\u00edsticos, para asegurar que estos espacios est\u00e9n preparados para recibir a personas con discapacidad, bajo criterios de inclusi\u00f3n y dise\u00f1o universal.<\/p>\n","protected":false},"excerpt":{"rendered":"<p>Para elevar la calidad del servicio p\u00fablico y promover un turismo accesible para todas y todos, el Gobierno de Villa de Pozos, en coordinaci\u00f3n con la Secretar\u00eda de Turismo del Gobierno del Estado, llev\u00f3 a cabo una capacitaci\u00f3n en atenci\u00f3n a personas con discapacidad y adultos mayores. El taller de sensibilizaci\u00f3n, cont\u00f3 con la participaci\u00f3n [&hellip;]<\/p>\n","protected":false},"author":1,"featured_media":18660,"comment_status":"open","ping_status":"open","sticky":false,"template":"","format":"standard","meta":{"footnotes":""},"categories":[1,24,3175],"tags":[4142,294,261,370,1068],"class_list":{"0":"post-18659","1":"post","2":"type-post","3":"status-publish","4":"format-standard","5":"has-post-thumbnail","7":"category-destacadas","8":"category-informacion-general","9":"category-pozos","10":"tag-inclusion-2","11":"tag-san-luis","12":"tag-slp","13":"tag-turismo","14":"tag-villa-de-pozos"},"_links":{"self":[{"href":"https:\/\/cronicadesoledad.com\/index.php\/wp-json\/wp\/v2\/posts\/18659","targetHints":{"allow":["GET"]}}],"collection":[{"href":"https:\/\/cronicadesoledad.com\/index.php\/wp-json\/wp\/v2\/posts"}],"about":[{"href":"https:\/\/cronicadesoledad.com\/index.php\/wp-json\/wp\/v2\/types\/post"}],"author":[{"embeddable":true,"href":"https:\/\/cronicadesoledad.com\/index.php\/wp-json\/wp\/v2\/users\/1"}],"replies":[{"embeddable":true,"href":"https:\/\/cronicadesoledad.com\/index.php\/wp-json\/wp\/v2\/comments?post=18659"}],"version-history":[{"count":1,"href":"https:\/\/cronicadesoledad.com\/index.php\/wp-json\/wp\/v2\/posts\/18659\/revisions"}],"predecessor-version":[{"id":18661,"href":"https:\/\/cronicadesoledad.com\/index.php\/wp-json\/wp\/v2\/posts\/18659\/revisions\/18661"}],"wp:featuredmedia":[{"embeddable":true,"href":"https:\/\/cronicadesoledad.com\/index.php\/wp-json\/wp\/v2\/media\/18660"}],"wp:attachment":[{"href":"https:\/\/cronicadesoledad.com\/index.php\/wp-json\/wp\/v2\/media?parent=18659"}],"wp:term":[{"taxonomy":"category","embeddable":true,"href":"https:\/\/cronicadesoledad.com\/index.php\/wp-json\/wp\/v2\/categories?post=18659"},{"taxonomy":"post_tag","embeddable":true,"href":"https:\/\/cronicadesoledad.com\/index.php\/wp-json\/wp\/v2\/tags?post=18659"}],"curies":[{"name":"wp","href":"https:\/\/api.w.org\/{rel}","templated":true}]}}