{"id":18700,"date":"2025-05-08T18:30:00","date_gmt":"2025-05-09T00:30:00","guid":{"rendered":"https:\/\/cronicadesoledad.com\/?p=18700"},"modified":"2025-05-08T23:16:48","modified_gmt":"2025-05-09T05:16:48","slug":"dif-soledad-ofrece-atencion-dental-accesible-para-familias","status":"publish","type":"post","link":"https:\/\/cronicadesoledad.com\/index.php\/2025\/05\/08\/dif-soledad-ofrece-atencion-dental-accesible-para-familias\/","title":{"rendered":"DIF Soledad ofrece atenci\u00f3n dental accesible para familias"},"content":{"rendered":"\n<p>Con el objetivo de acercar servicios de salud bucal a sectores vulnerables de la poblaci\u00f3n, el Sistema Municipal para el Desarrollo Integral de la Familia (DIF) de Soledad de Graciano S\u00e1nchez mantiene en operaci\u00f3n dos consultorios dentales que brindan atenci\u00f3n gratuita o a bajo costo a ni\u00f1as, ni\u00f1os, j\u00f3venes y personas adultas.<\/p>\n\n\n\n<p>La presidenta del DIF Municipal, Mar\u00eda del Pilar Cardona Reyna, inform\u00f3 que estas unidades odontol\u00f3gicas est\u00e1n ubicadas en las Unidades B\u00e1sicas de Rehabilitaci\u00f3n (UBR) 1 y 2, en las colonias Las Flores y Villa Jard\u00edn, respectivamente, donde se ofrecen servicios como consultas generales, extracciones, empastes, profilaxis, curaciones y aplicaci\u00f3n de fl\u00faor.<\/p>\n\n\n\n<p>\u201cSabemos que muchas personas no pueden acceder a atenci\u00f3n dental por los costos que representa, por eso ponemos a su disposici\u00f3n estos espacios con personal capacitado, que brinda un servicio de calidad y con calidez humana\u201d, se\u00f1al\u00f3 la funcionaria.<\/p>\n\n\n\n<p>La atenci\u00f3n se proporciona de lunes a viernes, en un horario de 8:00 a 15:00 horas. De acuerdo con Cardona Reyna, ambas unidades atienden actualmente a un promedio de seis pacientes diarios y no es necesario agendar cita previa. \u201cLas personas pueden acudir directamente; si el doctor tiene espacio en ese momento, se les atiende, y si no, se les agenda su consulta para el menor tiempo posible\u201d, explic\u00f3.<\/p>\n\n\n\n<p>Adem\u00e1s, destac\u00f3 que, con el respaldo del alcalde Juan Manuel Navarro Mu\u00f1iz, se tiene previsto ampliar la cobertura y la especializaci\u00f3n de estos servicios, para garantizar una atenci\u00f3n m\u00e1s integral a la salud bucal de las y los soledenses.<\/p>\n\n\n\n<p>El programa forma parte de una estrategia m\u00e1s amplia del DIF para mejorar el acceso a la salud en zonas prioritarias, reafirmando el compromiso de la administraci\u00f3n municipal con el bienestar de todas las familias.<\/p>\n\n\n\n<p><\/p>\n","protected":false},"excerpt":{"rendered":"<p>Con el objetivo de acercar servicios de salud bucal a sectores vulnerables de la poblaci\u00f3n, el Sistema Municipal para el Desarrollo Integral de la Familia (DIF) de Soledad de Graciano S\u00e1nchez mantiene en operaci\u00f3n dos consultorios dentales que brindan atenci\u00f3n gratuita o a bajo costo a ni\u00f1as, ni\u00f1os, j\u00f3venes y personas adultas. La presidenta del [&hellip;]<\/p>\n","protected":false},"author":1,"featured_media":18701,"comment_status":"open","ping_status":"open","sticky":false,"template":"","format":"standard","meta":{"footnotes":""},"categories":[1,24,21],"tags":[4213,387,269,261,27],"class_list":{"0":"post-18700","1":"post","2":"type-post","3":"status-publish","4":"format-standard","5":"has-post-thumbnail","7":"category-destacadas","8":"category-informacion-general","9":"category-tu-soledad","10":"tag-atencion-bucal","11":"tag-dif","12":"tag-salud","13":"tag-slp","14":"tag-soledad"},"_links":{"self":[{"href":"https:\/\/cronicadesoledad.com\/index.php\/wp-json\/wp\/v2\/posts\/18700","targetHints":{"allow":["GET"]}}],"collection":[{"href":"https:\/\/cronicadesoledad.com\/index.php\/wp-json\/wp\/v2\/posts"}],"about":[{"href":"https:\/\/cronicadesoledad.com\/index.php\/wp-json\/wp\/v2\/types\/post"}],"author":[{"embeddable":true,"href":"https:\/\/cronicadesoledad.com\/index.php\/wp-json\/wp\/v2\/users\/1"}],"replies":[{"embeddable":true,"href":"https:\/\/cronicadesoledad.com\/index.php\/wp-json\/wp\/v2\/comments?post=18700"}],"version-history":[{"count":1,"href":"https:\/\/cronicadesoledad.com\/index.php\/wp-json\/wp\/v2\/posts\/18700\/revisions"}],"predecessor-version":[{"id":18702,"href":"https:\/\/cronicadesoledad.com\/index.php\/wp-json\/wp\/v2\/posts\/18700\/revisions\/18702"}],"wp:featuredmedia":[{"embeddable":true,"href":"https:\/\/cronicadesoledad.com\/index.php\/wp-json\/wp\/v2\/media\/18701"}],"wp:attachment":[{"href":"https:\/\/cronicadesoledad.com\/index.php\/wp-json\/wp\/v2\/media?parent=18700"}],"wp:term":[{"taxonomy":"category","embeddable":true,"href":"https:\/\/cronicadesoledad.com\/index.php\/wp-json\/wp\/v2\/categories?post=18700"},{"taxonomy":"post_tag","embeddable":true,"href":"https:\/\/cronicadesoledad.com\/index.php\/wp-json\/wp\/v2\/tags?post=18700"}],"curies":[{"name":"wp","href":"https:\/\/api.w.org\/{rel}","templated":true}]}}