{"id":18708,"date":"2025-05-08T23:19:41","date_gmt":"2025-05-09T05:19:41","guid":{"rendered":"https:\/\/cronicadesoledad.com\/?p=18708"},"modified":"2025-05-08T23:19:41","modified_gmt":"2025-05-09T05:19:41","slug":"incrementan-calidad-de-vida-con-pavimentacion-de-calle-el-carrizal-vecinos","status":"publish","type":"post","link":"https:\/\/cronicadesoledad.com\/index.php\/2025\/05\/08\/incrementan-calidad-de-vida-con-pavimentacion-de-calle-el-carrizal-vecinos\/","title":{"rendered":"Incrementan calidad de vida con pavimentaci\u00f3n de calle el carrizal: Vecinos"},"content":{"rendered":"\n<p>Tras la inauguraci\u00f3n de la pavimentaci\u00f3n con concreto hidr\u00e1ulico de la calle El Carrizal por el Alcalde, Juan Manuel Navarro Mu\u00f1iz, con lo que se refrend\u00f3 su compromiso de estar cerca de la ciudadan\u00eda de la colonia Rivas Guill\u00e9n Norte, vecinas y vecinos agradecieron la conclusi\u00f3n de dicha obra, destacando que se haya realizado en menos de 8 semanas y que cuente con todos los servicios sanitarios y de agua potable necesarios.<\/p>\n\n\n\n<p>Dicha obra requiri\u00f3 una inversi\u00f3n de 2.4 millones de pesos y abarc\u00f3 la introducci\u00f3n de una nueva red de agua potable y drenaje sanitario, as\u00ed como la instalaci\u00f3n de tomas de agua y descargas domiciliarias. Adem\u00e1s, se llevaron a cabo trabajos de construcci\u00f3n de guarniciones y banquetas, al igual que la pintura y se\u00f1al\u00e9tica correspondientes.<\/p>\n\n\n\n<p>Judith M\u00e9ndez, una de las beneficiarias y vecina de la zona, comparti\u00f3 que al principio hab\u00eda cierta desconfianza sobre la duraci\u00f3n del proyecto, sin embargo, expres\u00f3 su gratitud por la r\u00e1pida ejecuci\u00f3n: \u201cAgradezco al Alcalde y al Gobierno municipal por esta obra que ahora ayudar\u00e1 a prevenir inundaciones en la zona que afectaban nuestro bienestar\u201d.<\/p>\n\n\n\n<p>Por su parte, Eduardo Sosa, otro vecino de esta colonia, tambi\u00e9n destac\u00f3 la celeridad con la que se llev\u00f3 a cabo la obra: \u201cGracias al Gobierno municipal por esta acci\u00f3n, ahora ya no se formar\u00e1n charcos de lodo como antes y podremos circular de una manera digna y c\u00f3moda\u201d.<\/p>\n\n\n\n<p>Asimismo, Ra\u00fal Sosa, tambi\u00e9n habitante de la colonia, resalt\u00f3 el impacto positivo que la pavimentaci\u00f3n tendr\u00e1 en la plusval\u00eda de su vivienda y en la de todos los vecinos beneficiarios. \u201cGracias por pavimentar esta calle, ahora se ver\u00e1 mucho m\u00e1s bonito, dijo.<\/p>\n\n\n\n<p>Finalmente, la se\u00f1ora Olivia Garc\u00eda, por su parte, enfatiz\u00f3 el compromiso de los actuales Gobiernos con sus promesas, asegurando que todos los servicios fueron instalados correctamente. Tambi\u00e9n se comprometi\u00f3 a cuidar la limpieza de la nueva calle para mantenerla en las mejores condiciones.<\/p>\n\n\n\n<p>Con este tipo de obras, el Gobierno Municipal, liderando por el Alcalde Juan Manuel Navarro, reafirma su compromiso de mejorar la infraestructura y calidad de vida de las y los ciudadanos, demostrando que la ejecuci\u00f3n de proyectos es posible con eficiencia y dedicaci\u00f3n.<\/p>\n","protected":false},"excerpt":{"rendered":"<p>Tras la inauguraci\u00f3n de la pavimentaci\u00f3n con concreto hidr\u00e1ulico de la calle El Carrizal por el Alcalde, Juan Manuel Navarro Mu\u00f1iz, con lo que se refrend\u00f3 su compromiso de estar cerca de la ciudadan\u00eda de la colonia Rivas Guill\u00e9n Norte, vecinas y vecinos agradecieron la conclusi\u00f3n de dicha obra, destacando que se haya realizado en [&hellip;]<\/p>\n","protected":false},"author":2,"featured_media":18709,"comment_status":"open","ping_status":"open","sticky":false,"template":"","format":"standard","meta":{"footnotes":""},"categories":[1,24,21],"tags":[223,1820,294,261,27,2815],"class_list":{"0":"post-18708","1":"post","2":"type-post","3":"status-publish","4":"format-standard","5":"has-post-thumbnail","7":"category-destacadas","8":"category-informacion-general","9":"category-tu-soledad","10":"tag-ayuntamiento-soledense","11":"tag-rivas-guillen","12":"tag-san-luis","13":"tag-slp","14":"tag-soledad","15":"tag-vecinos"},"_links":{"self":[{"href":"https:\/\/cronicadesoledad.com\/index.php\/wp-json\/wp\/v2\/posts\/18708","targetHints":{"allow":["GET"]}}],"collection":[{"href":"https:\/\/cronicadesoledad.com\/index.php\/wp-json\/wp\/v2\/posts"}],"about":[{"href":"https:\/\/cronicadesoledad.com\/index.php\/wp-json\/wp\/v2\/types\/post"}],"author":[{"embeddable":true,"href":"https:\/\/cronicadesoledad.com\/index.php\/wp-json\/wp\/v2\/users\/2"}],"replies":[{"embeddable":true,"href":"https:\/\/cronicadesoledad.com\/index.php\/wp-json\/wp\/v2\/comments?post=18708"}],"version-history":[{"count":1,"href":"https:\/\/cronicadesoledad.com\/index.php\/wp-json\/wp\/v2\/posts\/18708\/revisions"}],"predecessor-version":[{"id":18710,"href":"https:\/\/cronicadesoledad.com\/index.php\/wp-json\/wp\/v2\/posts\/18708\/revisions\/18710"}],"wp:featuredmedia":[{"embeddable":true,"href":"https:\/\/cronicadesoledad.com\/index.php\/wp-json\/wp\/v2\/media\/18709"}],"wp:attachment":[{"href":"https:\/\/cronicadesoledad.com\/index.php\/wp-json\/wp\/v2\/media?parent=18708"}],"wp:term":[{"taxonomy":"category","embeddable":true,"href":"https:\/\/cronicadesoledad.com\/index.php\/wp-json\/wp\/v2\/categories?post=18708"},{"taxonomy":"post_tag","embeddable":true,"href":"https:\/\/cronicadesoledad.com\/index.php\/wp-json\/wp\/v2\/tags?post=18708"}],"curies":[{"name":"wp","href":"https:\/\/api.w.org\/{rel}","templated":true}]}}