{"id":18742,"date":"2025-05-09T20:34:54","date_gmt":"2025-05-10T02:34:54","guid":{"rendered":"https:\/\/cronicadesoledad.com\/?p=18742"},"modified":"2025-05-09T20:34:54","modified_gmt":"2025-05-10T02:34:54","slug":"villa-de-pozos-y-gobierno-estatal-reconoce-y-celebra-a-las-madres-pocenas","status":"publish","type":"post","link":"https:\/\/cronicadesoledad.com\/index.php\/2025\/05\/09\/villa-de-pozos-y-gobierno-estatal-reconoce-y-celebra-a-las-madres-pocenas\/","title":{"rendered":"Villa de Pozos y Gobierno Estatal reconoce y celebra a las madres poce\u00f1as"},"content":{"rendered":"\n<p>En un ambiente lleno de emoci\u00f3n, m\u00fasica y sonrisas, el Gobierno de Villa de Pozos, en coordinaci\u00f3n con el Gobierno del Estado, celebr\u00f3 a todas las madres del municipio con un evento especial en el Centro de Convenciones de Villa de Pozos, en el que cientos de madres se dieron cita para disfrutar de una ma\u00f1ana dedicada a ellas, en reconocimiento a su amor, entrega y fortaleza.<\/p>\n\n\n\n<p>La celebraci\u00f3n fue un reflejo del compromiso que las autoridades municipales y estatales tienen hacia las madres de familia. Durante el evento, las asistentes disfrutaron de un convivio preparado especialmente para la ocasi\u00f3n, as\u00ed como de m\u00faltiples sorpresas, rifas y momentos de convivencia que hicieron de esta una jornada inolvidable.<\/p>\n\n\n\n<p>La Presidenta Concejal de Villa de Pozos, Teresa Rivera Acevedo, felicit\u00f3 con entusiasmo a todas las madres poce\u00f1as, al tiempo que agradeci\u00f3 al Gobernador del Estado, Ricardo Gallardo Cardona, por el respaldo brindado a las familias del municipio y por hacer posible este merecido homenaje a las mujeres que d\u00eda a d\u00eda sostienen a sus hogares.<\/p>\n\n\n\n<p>Por su parte, el Gobernador Ricardo Gallardo Cardona destac\u00f3 el esfuerzo incansable de las madres potosinas, reconociendo su papel fundamental en el desarrollo de las familias y de la sociedad, aprovech\u00f3 para extender su felicitaci\u00f3n a todas las madres del estado, reiterando su compromiso de seguir impulsando pol\u00edticas y apoyos que beneficien a las mujeres y sus familias.<\/p>\n","protected":false},"excerpt":{"rendered":"<p>En un ambiente lleno de emoci\u00f3n, m\u00fasica y sonrisas, el Gobierno de Villa de Pozos, en coordinaci\u00f3n con el Gobierno del Estado, celebr\u00f3 a todas las madres del municipio con un evento especial en el Centro de Convenciones de Villa de Pozos, en el que cientos de madres se dieron cita para disfrutar de una [&hellip;]<\/p>\n","protected":false},"author":1,"featured_media":18743,"comment_status":"open","ping_status":"open","sticky":false,"template":"","format":"standard","meta":{"footnotes":""},"categories":[1,24,3175],"tags":[2511,2761,294,261,1068],"class_list":{"0":"post-18742","1":"post","2":"type-post","3":"status-publish","4":"format-standard","5":"has-post-thumbnail","7":"category-destacadas","8":"category-informacion-general","9":"category-pozos","10":"tag-madres","11":"tag-maria-teresa-de-jesus-rivera-acevedo","12":"tag-san-luis","13":"tag-slp","14":"tag-villa-de-pozos"},"_links":{"self":[{"href":"https:\/\/cronicadesoledad.com\/index.php\/wp-json\/wp\/v2\/posts\/18742","targetHints":{"allow":["GET"]}}],"collection":[{"href":"https:\/\/cronicadesoledad.com\/index.php\/wp-json\/wp\/v2\/posts"}],"about":[{"href":"https:\/\/cronicadesoledad.com\/index.php\/wp-json\/wp\/v2\/types\/post"}],"author":[{"embeddable":true,"href":"https:\/\/cronicadesoledad.com\/index.php\/wp-json\/wp\/v2\/users\/1"}],"replies":[{"embeddable":true,"href":"https:\/\/cronicadesoledad.com\/index.php\/wp-json\/wp\/v2\/comments?post=18742"}],"version-history":[{"count":1,"href":"https:\/\/cronicadesoledad.com\/index.php\/wp-json\/wp\/v2\/posts\/18742\/revisions"}],"predecessor-version":[{"id":18744,"href":"https:\/\/cronicadesoledad.com\/index.php\/wp-json\/wp\/v2\/posts\/18742\/revisions\/18744"}],"wp:featuredmedia":[{"embeddable":true,"href":"https:\/\/cronicadesoledad.com\/index.php\/wp-json\/wp\/v2\/media\/18743"}],"wp:attachment":[{"href":"https:\/\/cronicadesoledad.com\/index.php\/wp-json\/wp\/v2\/media?parent=18742"}],"wp:term":[{"taxonomy":"category","embeddable":true,"href":"https:\/\/cronicadesoledad.com\/index.php\/wp-json\/wp\/v2\/categories?post=18742"},{"taxonomy":"post_tag","embeddable":true,"href":"https:\/\/cronicadesoledad.com\/index.php\/wp-json\/wp\/v2\/tags?post=18742"}],"curies":[{"name":"wp","href":"https:\/\/api.w.org\/{rel}","templated":true}]}}