{"id":18792,"date":"2025-05-12T03:03:00","date_gmt":"2025-05-12T09:03:00","guid":{"rendered":"https:\/\/cronicadesoledad.com\/?p=18792"},"modified":"2025-05-11T22:35:29","modified_gmt":"2025-05-12T04:35:29","slug":"arzobispo-llama-a-vivir-con-esperanza-y-unidad","status":"publish","type":"post","link":"https:\/\/cronicadesoledad.com\/index.php\/2025\/05\/12\/arzobispo-llama-a-vivir-con-esperanza-y-unidad\/","title":{"rendered":"Arzobispo llama a vivir con esperanza y unidad"},"content":{"rendered":"\n<p>Ante la expectativa global por la elecci\u00f3n del pr\u00f3ximo Papa tras la muerte de Francisco, el arzobispo de San Luis Potos\u00ed, Jorge Alberto Cavazos Arizpe, hizo un llamado a la comunidad cat\u00f3lica para mantenerse cercana a Dios, vivir con esperanza y convertirse en artesanos de paz en medio de un mundo lleno de incertidumbres.<\/p>\n\n\n\n<p>Durante una entrevista, Cavazos Arizpe reflexion\u00f3 sobre los retos que enfrenta actualmente la Iglesia Cat\u00f3lica y resalt\u00f3 que la misi\u00f3n principal de los creyentes no debe centrarse en la competencia, sino en construir comunidad y compartir el amor de Dios. Enfatiz\u00f3 que la unidad y el consuelo son valores urgentes ante la fragilidad que se vive en el plano social y espiritual.<\/p>\n\n\n\n<p>El prelado potosino record\u00f3 que la pandemia dej\u00f3 heridas profundas, incluyendo la p\u00e9rdida de paz interior y muertes en soledad, por lo que invit\u00f3 a las personas a reencontrarse con lo espiritual. Dijo que acercarse a Dios sin miedo ni juicio puede traer equilibrio, sanaci\u00f3n emocional y fortaleza para enfrentar la vida diaria.<\/p>\n\n\n\n<p>Cavazos tambi\u00e9n se\u00f1al\u00f3 que cada Papa ha aportado con su estilo a la gu\u00eda de la Iglesia, y confi\u00f3 en que el nuevo pont\u00edfice sabr\u00e1 responder a los desaf\u00edos actuales con fidelidad al Evangelio. Agradeci\u00f3 a los medios por difundir estos mensajes e inst\u00f3 a seguir promoviendo el di\u00e1logo, la esperanza y la solidaridad entre los pueblos.<\/p>\n","protected":false},"excerpt":{"rendered":"<p>Ante la expectativa global por la elecci\u00f3n del pr\u00f3ximo Papa tras la muerte de Francisco, el arzobispo de San Luis Potos\u00ed, Jorge Alberto Cavazos Arizpe, hizo un llamado a la comunidad cat\u00f3lica para mantenerse cercana a Dios, vivir con esperanza y convertirse en artesanos de paz en medio de un mundo lleno de incertidumbres. Durante [&hellip;]<\/p>\n","protected":false},"author":2,"featured_media":18793,"comment_status":"open","ping_status":"open","sticky":false,"template":"","format":"standard","meta":{"footnotes":""},"categories":[1,24],"tags":[3238,4228,294,261,27,150],"class_list":{"0":"post-18792","1":"post","2":"type-post","3":"status-publish","4":"format-standard","5":"has-post-thumbnail","7":"category-destacadas","8":"category-informacion-general","9":"tag-arzobispo","10":"tag-jorge-alberto-cavazos-arzipe","11":"tag-san-luis","12":"tag-slp","13":"tag-soledad","14":"tag-uaslp"},"_links":{"self":[{"href":"https:\/\/cronicadesoledad.com\/index.php\/wp-json\/wp\/v2\/posts\/18792","targetHints":{"allow":["GET"]}}],"collection":[{"href":"https:\/\/cronicadesoledad.com\/index.php\/wp-json\/wp\/v2\/posts"}],"about":[{"href":"https:\/\/cronicadesoledad.com\/index.php\/wp-json\/wp\/v2\/types\/post"}],"author":[{"embeddable":true,"href":"https:\/\/cronicadesoledad.com\/index.php\/wp-json\/wp\/v2\/users\/2"}],"replies":[{"embeddable":true,"href":"https:\/\/cronicadesoledad.com\/index.php\/wp-json\/wp\/v2\/comments?post=18792"}],"version-history":[{"count":1,"href":"https:\/\/cronicadesoledad.com\/index.php\/wp-json\/wp\/v2\/posts\/18792\/revisions"}],"predecessor-version":[{"id":18794,"href":"https:\/\/cronicadesoledad.com\/index.php\/wp-json\/wp\/v2\/posts\/18792\/revisions\/18794"}],"wp:featuredmedia":[{"embeddable":true,"href":"https:\/\/cronicadesoledad.com\/index.php\/wp-json\/wp\/v2\/media\/18793"}],"wp:attachment":[{"href":"https:\/\/cronicadesoledad.com\/index.php\/wp-json\/wp\/v2\/media?parent=18792"}],"wp:term":[{"taxonomy":"category","embeddable":true,"href":"https:\/\/cronicadesoledad.com\/index.php\/wp-json\/wp\/v2\/categories?post=18792"},{"taxonomy":"post_tag","embeddable":true,"href":"https:\/\/cronicadesoledad.com\/index.php\/wp-json\/wp\/v2\/tags?post=18792"}],"curies":[{"name":"wp","href":"https:\/\/api.w.org\/{rel}","templated":true}]}}