{"id":18795,"date":"2025-05-12T03:04:00","date_gmt":"2025-05-12T09:04:00","guid":{"rendered":"https:\/\/cronicadesoledad.com\/?p=18795"},"modified":"2025-05-11T22:37:48","modified_gmt":"2025-05-12T04:37:48","slug":"mas-de-mil-500-madres-celebraron-su-dia","status":"publish","type":"post","link":"https:\/\/cronicadesoledad.com\/index.php\/2025\/05\/12\/mas-de-mil-500-madres-celebraron-su-dia\/","title":{"rendered":"M\u00e1s de mil 500 madres celebraron su d\u00eda"},"content":{"rendered":"\n<p>Con la presencia de m\u00e1s de mil 500 madres de familia de diversas colonias y comunidades y trabajadoras de la administraci\u00f3n municipal de Soledad de Graciano S\u00e1nchez, el Gobernador, Ricardo Gallardo Cardona y el Alcalde, Juan Manuel Navarro Mu\u00f1iz, celebraron el D\u00eda de las Madres en un ambiente completamente de fiesta, alegr\u00eda y m\u00fasica con mariachi, que incluy\u00f3 un desayuno y rifa de electrodom\u00e9sticos para las festejadas, como parte del compromiso con este sector de la poblaci\u00f3n.<\/p>\n\n\n\n<p>En el pres\u00eddium, el Alcalde aplaudi\u00f3 la labor de las cientos de mujeres y madres de familia que contribuyen en todas las \u00e1reas del Ayuntamiento, diariamente, para brindar servicios eficientes y un trato cercano a la poblaci\u00f3n: &#8220;su valioso trabajo permite que este Gobierno funcione y se garanticen todos los tr\u00e1mites, por ello, reconocemos su dedicaci\u00f3n desde quien colabora barriendo y limpiando nuestras calles, desde las oficinas y hasta quienes nos cuidan como parte de la Guardia Civil Municipal.<\/p>\n\n\n\n<p>En un emotivo momento, record\u00f3 a las mam\u00e1s que &#8220;ya no est\u00e1n con nosotros, pero que en nuestros pensamientos y nuestro coraz\u00f3n perdura su esencia y su memoria, a todas ellas tambi\u00e9n muchas felicidades por las ense\u00f1anzas que nos dejaron&#8221;.<\/p>\n\n\n\n<p>Al Gobernador, le agradeci\u00f3 visitar Soledad de Graciano S\u00e1nchez una vez m\u00e1s, y traer un d\u00eda emocionante, con regalos, m\u00fasica y comida, para festejar a quienes vigilan el bienestar de sus familias, trabajan incansablemente y contribuyen al desarrollo de Soledad.<\/p>\n\n\n\n<p>En su participaci\u00f3n, Ricardo Gallardo Cardona destac\u00f3 la bondad de las mam\u00e1s trabajadoras soledenses: &#8220;aqu\u00ed est\u00e1n las madres m\u00e1s guapas de todo San Luis Potos\u00ed, y no \u00edbamos a dejar pasar esta fecha para aplaudirles su labor para construir un mejor Estado y municipio. Mencion\u00f3 que su papel en la sociedad es parte fundamental para que, hoy, San Luis Potos\u00ed est\u00e9 entre las cinco mejores entidades para vivir de M\u00e9xico.<\/p>\n\n\n\n<p>La rifa de lavadoras, estufas, refrigeradores, pantallas de televisi\u00f3n, freidoras y otros electrodom\u00e9sticos, se sumaron a divertidas din\u00e1micas que les ofrecieron una ma\u00f1ana inolvidable, agradeciendo a las autoridades la celebraci\u00f3n llena de entusiasmo y reiterando el apoyo que el Gobierno Estatal y Municipal les otorgan a trav\u00e9s de diversos programas: alimentario, escolares, econ\u00f3micos y de prevenci\u00f3n y seguridad para lograr mejor calidad de vida.<\/p>\n\n\n\n<p>Disfrutaron y convivieron mam\u00e1s que habitan en todo el municipio y de todas las \u00e1reas operativas, administrativas, jur\u00eddicas del Ayuntamiento, en un evento que estuvo tambi\u00e9n encabezado por el secretario General del Ayuntamiento, Benjam\u00edn P\u00e9rez \u00c1lvarez; la presidenta del DIF Municipal, Mar\u00eda del Pilar Cardona Reyna; el secretario T\u00e9cnico del Gobierno Estatal, Miguel Cavazos Guerrero; los diputados locales, Fernando G\u00e1mez Mac\u00edas y Diana Ruelas Gait\u00e1n; el diputado federal, Jos\u00e9 Luis Fern\u00e1ndez Mart\u00ednez y el senador, Gilberto Hern\u00e1ndez Villafuerte.<\/p>\n","protected":false},"excerpt":{"rendered":"<p>Con la presencia de m\u00e1s de mil 500 madres de familia de diversas colonias y comunidades y trabajadoras de la administraci\u00f3n municipal de Soledad de Graciano S\u00e1nchez, el Gobernador, Ricardo Gallardo Cardona y el Alcalde, Juan Manuel Navarro Mu\u00f1iz, celebraron el D\u00eda de las Madres en un ambiente completamente de fiesta, alegr\u00eda y m\u00fasica con [&hellip;]<\/p>\n","protected":false},"author":2,"featured_media":18796,"comment_status":"open","ping_status":"open","sticky":false,"template":"","format":"standard","meta":{"footnotes":""},"categories":[1,24,21],"tags":[223,4196,294,261,27],"class_list":{"0":"post-18795","1":"post","2":"type-post","3":"status-publish","4":"format-standard","5":"has-post-thumbnail","7":"category-destacadas","8":"category-informacion-general","9":"category-tu-soledad","10":"tag-ayuntamiento-soledense","11":"tag-dia-de-la-madre","12":"tag-san-luis","13":"tag-slp","14":"tag-soledad"},"_links":{"self":[{"href":"https:\/\/cronicadesoledad.com\/index.php\/wp-json\/wp\/v2\/posts\/18795","targetHints":{"allow":["GET"]}}],"collection":[{"href":"https:\/\/cronicadesoledad.com\/index.php\/wp-json\/wp\/v2\/posts"}],"about":[{"href":"https:\/\/cronicadesoledad.com\/index.php\/wp-json\/wp\/v2\/types\/post"}],"author":[{"embeddable":true,"href":"https:\/\/cronicadesoledad.com\/index.php\/wp-json\/wp\/v2\/users\/2"}],"replies":[{"embeddable":true,"href":"https:\/\/cronicadesoledad.com\/index.php\/wp-json\/wp\/v2\/comments?post=18795"}],"version-history":[{"count":1,"href":"https:\/\/cronicadesoledad.com\/index.php\/wp-json\/wp\/v2\/posts\/18795\/revisions"}],"predecessor-version":[{"id":18797,"href":"https:\/\/cronicadesoledad.com\/index.php\/wp-json\/wp\/v2\/posts\/18795\/revisions\/18797"}],"wp:featuredmedia":[{"embeddable":true,"href":"https:\/\/cronicadesoledad.com\/index.php\/wp-json\/wp\/v2\/media\/18796"}],"wp:attachment":[{"href":"https:\/\/cronicadesoledad.com\/index.php\/wp-json\/wp\/v2\/media?parent=18795"}],"wp:term":[{"taxonomy":"category","embeddable":true,"href":"https:\/\/cronicadesoledad.com\/index.php\/wp-json\/wp\/v2\/categories?post=18795"},{"taxonomy":"post_tag","embeddable":true,"href":"https:\/\/cronicadesoledad.com\/index.php\/wp-json\/wp\/v2\/tags?post=18795"}],"curies":[{"name":"wp","href":"https:\/\/api.w.org\/{rel}","templated":true}]}}