{"id":18838,"date":"2025-05-12T21:15:00","date_gmt":"2025-05-13T03:15:00","guid":{"rendered":"https:\/\/cronicadesoledad.com\/?p=18838"},"modified":"2025-05-12T20:57:18","modified_gmt":"2025-05-13T02:57:18","slug":"detenidos-tres-individuos-por-agresion-a-policias-y-danos-a-patrulla-en-soledad","status":"publish","type":"post","link":"https:\/\/cronicadesoledad.com\/index.php\/2025\/05\/12\/detenidos-tres-individuos-por-agresion-a-policias-y-danos-a-patrulla-en-soledad\/","title":{"rendered":"Detenidos tres individuos por agresi\u00f3n a polic\u00edas y da\u00f1os a patrulla en Soledad"},"content":{"rendered":"\n<p>La Guardia Civil Municipal de Soledad de Graciano S\u00e1nchez detuvo a tres personas, dos mujeres y un hombre, tras un incidente ocurrido en la colonia Textil. Los detenidos est\u00e1n acusados de causar da\u00f1os a unidades patrulla, agredir a servidores p\u00fablicos, lesiones y obstruir la labor policial.<\/p>\n\n\n\n<p>Los hechos se registraron cuando agentes municipales detuvieron a un hombre por infringir el reglamento de tr\u00e1nsito. En ese momento, dos mujeres y un hombre llegaron al lugar y comenzaron a interferir en la operaci\u00f3n policial. Durante el altercado, los tres individuos agredieron verbal y f\u00edsicamente a los oficiales.<\/p>\n\n\n\n<p>Tras varios minutos de di\u00e1logo y mantener su actitud agresiva, los detenidos fueron identificados como X\u00f3chitl \u201cN\u201d, de 24 a\u00f1os, Mar\u00eda \u201cN\u201d, de 43 a\u00f1os, y Gonzalo \u201cN\u201d, de 45 a\u00f1os. Los tres causaron da\u00f1os a las patrullas y provocaron lesiones a los polic\u00edas.<\/p>\n\n\n\n<p>Conforme al protocolo de actuaci\u00f3n, los oficiales procedieron a la detenci\u00f3n de los involucrados, quienes fueron informados de los cargos que enfrentan: da\u00f1os, lesiones, delitos contra servidores p\u00fablicos y obstrucci\u00f3n de la funci\u00f3n p\u00fablica.<\/p>\n\n\n\n<p>Los detenidos fueron trasladados a Barandilla Municipal, donde se les realiz\u00f3 una certificaci\u00f3n m\u00e9dica por parte del personal legista. Posteriormente, fueron puestos a disposici\u00f3n de la Fiscal\u00eda General del Estado de San Luis Potos\u00ed (FGESLP) para continuar con el proceso correspondiente.<\/p>\n","protected":false},"excerpt":{"rendered":"<p>La Guardia Civil Municipal de Soledad de Graciano S\u00e1nchez detuvo a tres personas, dos mujeres y un hombre, tras un incidente ocurrido en la colonia Textil. Los detenidos est\u00e1n acusados de causar da\u00f1os a unidades patrulla, agredir a servidores p\u00fablicos, lesiones y obstruir la labor policial. Los hechos se registraron cuando agentes municipales detuvieron a [&hellip;]<\/p>\n","protected":false},"author":1,"featured_media":18839,"comment_status":"open","ping_status":"open","sticky":false,"template":"","format":"standard","meta":{"footnotes":""},"categories":[1,24,19,21],"tags":[4234,470,276,261,27],"class_list":{"0":"post-18838","1":"post","2":"type-post","3":"status-publish","4":"format-standard","5":"has-post-thumbnail","7":"category-destacadas","8":"category-informacion-general","9":"category-seguridad","10":"category-tu-soledad","11":"tag-agresion-a-policias","12":"tag-detenidos","13":"tag-seguridad","14":"tag-slp","15":"tag-soledad"},"_links":{"self":[{"href":"https:\/\/cronicadesoledad.com\/index.php\/wp-json\/wp\/v2\/posts\/18838","targetHints":{"allow":["GET"]}}],"collection":[{"href":"https:\/\/cronicadesoledad.com\/index.php\/wp-json\/wp\/v2\/posts"}],"about":[{"href":"https:\/\/cronicadesoledad.com\/index.php\/wp-json\/wp\/v2\/types\/post"}],"author":[{"embeddable":true,"href":"https:\/\/cronicadesoledad.com\/index.php\/wp-json\/wp\/v2\/users\/1"}],"replies":[{"embeddable":true,"href":"https:\/\/cronicadesoledad.com\/index.php\/wp-json\/wp\/v2\/comments?post=18838"}],"version-history":[{"count":1,"href":"https:\/\/cronicadesoledad.com\/index.php\/wp-json\/wp\/v2\/posts\/18838\/revisions"}],"predecessor-version":[{"id":18840,"href":"https:\/\/cronicadesoledad.com\/index.php\/wp-json\/wp\/v2\/posts\/18838\/revisions\/18840"}],"wp:featuredmedia":[{"embeddable":true,"href":"https:\/\/cronicadesoledad.com\/index.php\/wp-json\/wp\/v2\/media\/18839"}],"wp:attachment":[{"href":"https:\/\/cronicadesoledad.com\/index.php\/wp-json\/wp\/v2\/media?parent=18838"}],"wp:term":[{"taxonomy":"category","embeddable":true,"href":"https:\/\/cronicadesoledad.com\/index.php\/wp-json\/wp\/v2\/categories?post=18838"},{"taxonomy":"post_tag","embeddable":true,"href":"https:\/\/cronicadesoledad.com\/index.php\/wp-json\/wp\/v2\/tags?post=18838"}],"curies":[{"name":"wp","href":"https:\/\/api.w.org\/{rel}","templated":true}]}}