{"id":18841,"date":"2025-05-12T21:30:00","date_gmt":"2025-05-13T03:30:00","guid":{"rendered":"https:\/\/cronicadesoledad.com\/?p=18841"},"modified":"2025-06-12T13:11:46","modified_gmt":"2025-06-12T19:11:46","slug":"capturan-a-sujeto-senalado-por-robos-y-posesion-de-droga-en-soledad","status":"publish","type":"post","link":"https:\/\/cronicadesoledad.com\/index.php\/2025\/05\/12\/capturan-a-sujeto-senalado-por-robos-y-posesion-de-droga-en-soledad\/","title":{"rendered":"Capturan a sujeto se\u00f1alado por robos y posesi\u00f3n de droga en Soledad"},"content":{"rendered":"\n<p>En un operativo realizado por la Guardia Civil Municipal de Soledad de Graciano S\u00e1nchez, se logr\u00f3 la captura de un hombre se\u00f1alado como un presunto generador de diversos delitos en la localidad. El sujeto, identificado como objetivo prioritario en la zona, fue arrestado en la colonia Textil, en un acto que refuerza los esfuerzos de seguridad del municipio.<\/p>\n\n\n\n<p>El detenido fue sorprendido en flagrancia, en posesi\u00f3n de sustancias que se presume son ilegales. Tras ser detenido, las autoridades confirmaron que el hombre est\u00e1 vinculado a al menos ocho carpetas de investigaci\u00f3n abiertas en su contra, la mayor\u00eda de ellas por delitos relacionados con robos a comercios y viviendas en diversas colonias de la zona.<\/p>\n\n\n\n<p>La captura forma parte de un trabajo constante de inteligencia y vigilancia implementado por la Guardia Civil Municipal, que tiene como objetivo desarticular bandas delictivas y reducir los \u00edndices de criminalidad en el municipio. Las autoridades indicaron que, con esta detenci\u00f3n, se prev\u00e9 la resoluci\u00f3n de varios casos que permanec\u00edan pendientes debido a la falta de pruebas o la identificaci\u00f3n de los responsables.<\/p>\n\n\n\n<p>El detenido fue trasladado a las instalaciones de la Fiscal\u00eda General del Estado de San Luis Potos\u00ed (FGESLP), donde permanecer\u00e1 bajo investigaci\u00f3n. Ser\u00e1 la fiscal\u00eda la que determine su situaci\u00f3n jur\u00eddica y, de confirmarse su implicaci\u00f3n en los hechos delictivos, se proceder\u00e1 conforme a la ley.<\/p>\n\n\n\n<p>Este arresto resalta la importancia de la cooperaci\u00f3n entre las fuerzas de seguridad y la ciudadan\u00eda, quienes son clave para la prevenci\u00f3n de delitos y el fortalecimiento de la seguridad en las colonias de Soledad de Graciano S\u00e1nchez.<\/p>\n","protected":false},"excerpt":{"rendered":"<p>En un operativo realizado por la Guardia Civil Municipal de Soledad de Graciano S\u00e1nchez, se logr\u00f3 la captura de un hombre se\u00f1alado como un presunto generador de diversos delitos en la localidad. El sujeto, identificado como objetivo prioritario en la zona, fue arrestado en la colonia Textil, en un acto que refuerza los esfuerzos de [&hellip;]<\/p>\n","protected":false},"author":1,"featured_media":18842,"comment_status":"open","ping_status":"open","sticky":false,"template":"","format":"standard","meta":{"footnotes":""},"categories":[1,24,19,21],"tags":[3198,276,27],"class_list":{"0":"post-18841","1":"post","2":"type-post","3":"status-publish","4":"format-standard","5":"has-post-thumbnail","7":"category-destacadas","8":"category-informacion-general","9":"category-seguridad","10":"category-tu-soledad","11":"tag-guardia-civil-municial","12":"tag-seguridad","13":"tag-soledad"},"_links":{"self":[{"href":"https:\/\/cronicadesoledad.com\/index.php\/wp-json\/wp\/v2\/posts\/18841","targetHints":{"allow":["GET"]}}],"collection":[{"href":"https:\/\/cronicadesoledad.com\/index.php\/wp-json\/wp\/v2\/posts"}],"about":[{"href":"https:\/\/cronicadesoledad.com\/index.php\/wp-json\/wp\/v2\/types\/post"}],"author":[{"embeddable":true,"href":"https:\/\/cronicadesoledad.com\/index.php\/wp-json\/wp\/v2\/users\/1"}],"replies":[{"embeddable":true,"href":"https:\/\/cronicadesoledad.com\/index.php\/wp-json\/wp\/v2\/comments?post=18841"}],"version-history":[{"count":1,"href":"https:\/\/cronicadesoledad.com\/index.php\/wp-json\/wp\/v2\/posts\/18841\/revisions"}],"predecessor-version":[{"id":18843,"href":"https:\/\/cronicadesoledad.com\/index.php\/wp-json\/wp\/v2\/posts\/18841\/revisions\/18843"}],"wp:featuredmedia":[{"embeddable":true,"href":"https:\/\/cronicadesoledad.com\/index.php\/wp-json\/wp\/v2\/media\/18842"}],"wp:attachment":[{"href":"https:\/\/cronicadesoledad.com\/index.php\/wp-json\/wp\/v2\/media?parent=18841"}],"wp:term":[{"taxonomy":"category","embeddable":true,"href":"https:\/\/cronicadesoledad.com\/index.php\/wp-json\/wp\/v2\/categories?post=18841"},{"taxonomy":"post_tag","embeddable":true,"href":"https:\/\/cronicadesoledad.com\/index.php\/wp-json\/wp\/v2\/tags?post=18841"}],"curies":[{"name":"wp","href":"https:\/\/api.w.org\/{rel}","templated":true}]}}