{"id":18879,"date":"2025-05-13T20:15:00","date_gmt":"2025-05-14T02:15:00","guid":{"rendered":"https:\/\/cronicadesoledad.com\/?p=18879"},"modified":"2025-05-13T20:05:03","modified_gmt":"2025-05-14T02:05:03","slug":"feria-del-empleo-llega-a-matlapa-con-150-vacantes","status":"publish","type":"post","link":"https:\/\/cronicadesoledad.com\/index.php\/2025\/05\/13\/feria-del-empleo-llega-a-matlapa-con-150-vacantes\/","title":{"rendered":"Feria del Empleo llega a Matlapa con 150 vacantes"},"content":{"rendered":"\n<p><strong>El Gobierno del Estado impulsa el desarrollo laboral en la Huasteca Sur con la Feria Regional del Empleo este 16 de mayo.<\/strong><\/p>\n\n\n\n<p>Con el objetivo de seguir generando oportunidades laborales sin l\u00edmites en todo San Luis Potos\u00ed, la Secretar\u00eda del Trabajo y Previsi\u00f3n Social (STPS) llevar\u00e1 a cabo la <strong>Feria Regional del Empleo Huasteca Sur<\/strong> el pr\u00f3ximo <strong>viernes 16 de mayo<\/strong> en <strong>Matlapa<\/strong>, donde se ofertar\u00e1n <strong>m\u00e1s de 150 vacantes<\/strong> en distintos perfiles y niveles de experiencia.<\/p>\n\n\n\n<p>El evento tendr\u00e1 lugar en la <strong>Galera de Chalchocoyo<\/strong>, de <strong>9:00 a 14:00 horas<\/strong>, y contar\u00e1 con la participaci\u00f3n de <strong>16 empresas<\/strong>, entre las que destacan MASFERRE, Aceros Alonso, Coppel, Universidad Tangamanga, Restaurante La Isla y Motos Yamaha. Estas compa\u00f1\u00edas ofrecer\u00e1n empleos en \u00e1reas administrativas, operativas, t\u00e9cnicas y profesionales.<\/p>\n\n\n\n<p>Cris\u00f3gono S\u00e1nchez Lara, titular de la STPS, destac\u00f3 que este esfuerzo responde a la instrucci\u00f3n del Gobernador <strong>Ricardo Gallardo Cardona<\/strong> de facilitar a las y los potosinos el acceso a empleos mejor remunerados y m\u00e1s cercanos a su lugar de origen, contribuyendo as\u00ed al desarrollo econ\u00f3mico de las cuatro regiones del estado.<\/p>\n\n\n\n<p><strong>\u201cEstamos comprometidos con llevar m\u00e1s oportunidades a cada rinc\u00f3n de San Luis Potos\u00ed. Esta feria es una muestra clara del trabajo coordinado entre el Gobierno del Estado y el sector empresarial para impulsar el crecimiento laboral en la Huasteca\u201d,<\/strong> se\u00f1al\u00f3 el funcionario.<\/p>\n\n\n\n<p><strong>El Gobierno del Estado invita a la poblaci\u00f3n interesada a acudir con su curr\u00edculum y aprovechar esta gran oportunidad de vinculaci\u00f3n laboral en la regi\u00f3n.<\/strong><\/p>\n\n\n\n<p><\/p>\n","protected":false},"excerpt":{"rendered":"<p>El Gobierno del Estado impulsa el desarrollo laboral en la Huasteca Sur con la Feria Regional del Empleo este 16 de mayo. Con el objetivo de seguir generando oportunidades laborales sin l\u00edmites en todo San Luis Potos\u00ed, la Secretar\u00eda del Trabajo y Previsi\u00f3n Social (STPS) llevar\u00e1 a cabo la Feria Regional del Empleo Huasteca Sur [&hellip;]<\/p>\n","protected":false},"author":1,"featured_media":18880,"comment_status":"open","ping_status":"open","sticky":false,"template":"","format":"standard","meta":{"footnotes":""},"categories":[1,24,3163],"tags":[120,1158,4241],"class_list":{"0":"post-18879","1":"post","2":"type-post","3":"status-publish","4":"format-standard","5":"has-post-thumbnail","7":"category-destacadas","8":"category-informacion-general","9":"category-san-luis-potosi","10":"tag-feria-del-empleo","11":"tag-gobierno-del-estado","12":"tag-matlapa"},"_links":{"self":[{"href":"https:\/\/cronicadesoledad.com\/index.php\/wp-json\/wp\/v2\/posts\/18879","targetHints":{"allow":["GET"]}}],"collection":[{"href":"https:\/\/cronicadesoledad.com\/index.php\/wp-json\/wp\/v2\/posts"}],"about":[{"href":"https:\/\/cronicadesoledad.com\/index.php\/wp-json\/wp\/v2\/types\/post"}],"author":[{"embeddable":true,"href":"https:\/\/cronicadesoledad.com\/index.php\/wp-json\/wp\/v2\/users\/1"}],"replies":[{"embeddable":true,"href":"https:\/\/cronicadesoledad.com\/index.php\/wp-json\/wp\/v2\/comments?post=18879"}],"version-history":[{"count":1,"href":"https:\/\/cronicadesoledad.com\/index.php\/wp-json\/wp\/v2\/posts\/18879\/revisions"}],"predecessor-version":[{"id":18881,"href":"https:\/\/cronicadesoledad.com\/index.php\/wp-json\/wp\/v2\/posts\/18879\/revisions\/18881"}],"wp:featuredmedia":[{"embeddable":true,"href":"https:\/\/cronicadesoledad.com\/index.php\/wp-json\/wp\/v2\/media\/18880"}],"wp:attachment":[{"href":"https:\/\/cronicadesoledad.com\/index.php\/wp-json\/wp\/v2\/media?parent=18879"}],"wp:term":[{"taxonomy":"category","embeddable":true,"href":"https:\/\/cronicadesoledad.com\/index.php\/wp-json\/wp\/v2\/categories?post=18879"},{"taxonomy":"post_tag","embeddable":true,"href":"https:\/\/cronicadesoledad.com\/index.php\/wp-json\/wp\/v2\/tags?post=18879"}],"curies":[{"name":"wp","href":"https:\/\/api.w.org\/{rel}","templated":true}]}}