{"id":18911,"date":"2025-05-14T16:00:00","date_gmt":"2025-05-14T22:00:00","guid":{"rendered":"https:\/\/cronicadesoledad.com\/?p=18911"},"modified":"2025-05-14T15:31:00","modified_gmt":"2025-05-14T21:31:00","slug":"san-luis-potosi-transforma-su-movilidad-con-transporte-gratuito-y-nuevas-rutas-de-metrored","status":"publish","type":"post","link":"https:\/\/cronicadesoledad.com\/index.php\/2025\/05\/14\/san-luis-potosi-transforma-su-movilidad-con-transporte-gratuito-y-nuevas-rutas-de-metrored\/","title":{"rendered":"San Luis Potos\u00ed transforma su movilidad con transporte gratuito y nuevas rutas de MetroRed"},"content":{"rendered":"\n<p><strong>El Gobierno Estatal impulsa un sistema moderno, limpio y accesible para todos.<\/strong><\/p>\n\n\n\n<p>Con el objetivo de mejorar la calidad de vida de los potosinos y fomentar una movilidad sostenible, el Gobierno del Estado, encabezado por el Gobernador Ricardo Gallardo Cardona, contin\u00faa avanzando en la modernizaci\u00f3n del sistema de transporte p\u00fablico. San Luis Potos\u00ed se ha convertido en la primera entidad del pa\u00eds en implementar un servicio de transporte completamente gratuito a trav\u00e9s del programa MetroRed, el cual expandir\u00e1 su cobertura con nuevas rutas en las cuatro regiones del estado.<\/p>\n\n\n\n<p>La Secretar\u00eda de Comunicaciones y Transportes (SCT) destac\u00f3 que, tras m\u00e1s de 30 a\u00f1os de descuido, el sistema de transporte p\u00fablico est\u00e1 viviendo una transformaci\u00f3n total. En 2025, se dar\u00e1 inicio a la electromovilidad con la incorporaci\u00f3n de unidades el\u00e9ctricas que operar\u00e1n en la Huasteca y la zona metropolitana, y que pr\u00f3ximamente estar\u00e1n disponibles en el Altiplano y en Soledad de Graciano S\u00e1nchez.<\/p>\n\n\n\n<p>Este cambio busca promover una movilidad m\u00e1s limpia, eficiente y moderna, alineada con un modelo que prioriza la cobertura, la sostenibilidad y la gratuidad del servicio para todos los usuarios. Con estas acciones, San Luis Potos\u00ed no solo mejora la accesibilidad del transporte p\u00fablico, sino que tambi\u00e9n marca el camino hacia un futuro m\u00e1s verde y libre de emisiones, beneficiando a miles de personas que dependen de este servicio para su traslado diario.<br><\/p>\n","protected":false},"excerpt":{"rendered":"<p>El Gobierno Estatal impulsa un sistema moderno, limpio y accesible para todos. Con el objetivo de mejorar la calidad de vida de los potosinos y fomentar una movilidad sostenible, el Gobierno del Estado, encabezado por el Gobernador Ricardo Gallardo Cardona, contin\u00faa avanzando en la modernizaci\u00f3n del sistema de transporte p\u00fablico. San Luis Potos\u00ed se ha [&hellip;]<\/p>\n","protected":false},"author":1,"featured_media":18912,"comment_status":"open","ping_status":"open","sticky":false,"template":"","format":"standard","meta":{"footnotes":""},"categories":[1,24,3080,21],"tags":[1455,261,27,2637],"class_list":{"0":"post-18911","1":"post","2":"type-post","3":"status-publish","4":"format-standard","5":"has-post-thumbnail","7":"category-destacadas","8":"category-informacion-general","9":"category-slp","10":"category-tu-soledad","11":"tag-metrored","12":"tag-slp","13":"tag-soledad","14":"tag-transporte-gratuito"},"_links":{"self":[{"href":"https:\/\/cronicadesoledad.com\/index.php\/wp-json\/wp\/v2\/posts\/18911","targetHints":{"allow":["GET"]}}],"collection":[{"href":"https:\/\/cronicadesoledad.com\/index.php\/wp-json\/wp\/v2\/posts"}],"about":[{"href":"https:\/\/cronicadesoledad.com\/index.php\/wp-json\/wp\/v2\/types\/post"}],"author":[{"embeddable":true,"href":"https:\/\/cronicadesoledad.com\/index.php\/wp-json\/wp\/v2\/users\/1"}],"replies":[{"embeddable":true,"href":"https:\/\/cronicadesoledad.com\/index.php\/wp-json\/wp\/v2\/comments?post=18911"}],"version-history":[{"count":1,"href":"https:\/\/cronicadesoledad.com\/index.php\/wp-json\/wp\/v2\/posts\/18911\/revisions"}],"predecessor-version":[{"id":18913,"href":"https:\/\/cronicadesoledad.com\/index.php\/wp-json\/wp\/v2\/posts\/18911\/revisions\/18913"}],"wp:featuredmedia":[{"embeddable":true,"href":"https:\/\/cronicadesoledad.com\/index.php\/wp-json\/wp\/v2\/media\/18912"}],"wp:attachment":[{"href":"https:\/\/cronicadesoledad.com\/index.php\/wp-json\/wp\/v2\/media?parent=18911"}],"wp:term":[{"taxonomy":"category","embeddable":true,"href":"https:\/\/cronicadesoledad.com\/index.php\/wp-json\/wp\/v2\/categories?post=18911"},{"taxonomy":"post_tag","embeddable":true,"href":"https:\/\/cronicadesoledad.com\/index.php\/wp-json\/wp\/v2\/tags?post=18911"}],"curies":[{"name":"wp","href":"https:\/\/api.w.org\/{rel}","templated":true}]}}