{"id":18937,"date":"2025-05-15T20:57:44","date_gmt":"2025-05-16T02:57:44","guid":{"rendered":"https:\/\/cronicadesoledad.com\/?p=18937"},"modified":"2025-05-15T20:57:45","modified_gmt":"2025-05-16T02:57:45","slug":"invitan-a-celebracion-musical-a-madres-y-maestros","status":"publish","type":"post","link":"https:\/\/cronicadesoledad.com\/index.php\/2025\/05\/15\/invitan-a-celebracion-musical-a-madres-y-maestros\/","title":{"rendered":"Invitan a celebraci\u00f3n musical a madres y maestros"},"content":{"rendered":"\n<p>Con un emotivo homenaje cargado de m\u00fasica, alegr\u00eda y reconocimiento, el Ayuntamiento de Soledad de Graciano S\u00e1nchez celebrar\u00e1 este viernes 16 de mayo a las madres y a las y los maestros que han dejado huella en generaciones enteras; el evento, organizado por la Direcci\u00f3n de Cultura, se llevar\u00e1 a cabo en el Teatro y Centro Cultural de Soledad en una noche que busca fortalecer los lazos familiares y valorar la labor educativa.<\/p>\n\n\n\n<p>La celebraci\u00f3n forma parte de las acciones impulsadas por el Alcalde Juan Manuel Navarro Mu\u00f1iz, quien ha instruido que se realicen eventos gratuitos, accesibles y con contenido cultural significativo, reafirmando el compromiso de su Gobierno de mantenerse siempre cercano a las familias soledenses y de reconocer p\u00fablicamente a quienes con amor y vocaci\u00f3n transforman vidas.<\/p>\n\n\n\n<p>En el escenario participar\u00e1n las agrupaciones \u201cLabios Rojos\u201d y \u201cGuitarras de Ayer y Hoy\u201d, cuyas interpretaciones llenas de nostalgia y energ\u00eda evocar\u00e1n recuerdos entra\u00f1ables, a partir de las 19:00 horas en el Teatro de Soledad, ubicado en la calle Santa Martha #523 en la colonia Rancho Blanco.<\/p>\n\n\n\n<p>Felipe C\u00e1rdenas Quibrera, titular de la Direcci\u00f3n de Cultura, se\u00f1al\u00f3 que esta velada es una muestra del impulso que el Gobierno Municipal da a la cultura como veh\u00edculo para el encuentro y el reconocimiento social, haciendo eco a la sensibilidad y visi\u00f3n del Alcalde Juan Manuel Navarro de acercar el arte a todos los sectores del municipio.<\/p>\n","protected":false},"excerpt":{"rendered":"<p>Con un emotivo homenaje cargado de m\u00fasica, alegr\u00eda y reconocimiento, el Ayuntamiento de Soledad de Graciano S\u00e1nchez celebrar\u00e1 este viernes 16 de mayo a las madres y a las y los maestros que han dejado huella en generaciones enteras; el evento, organizado por la Direcci\u00f3n de Cultura, se llevar\u00e1 a cabo en el Teatro y [&hellip;]<\/p>\n","protected":false},"author":2,"featured_media":18938,"comment_status":"open","ping_status":"open","sticky":false,"template":"","format":"standard","meta":{"footnotes":""},"categories":[1,24,21],"tags":[223,4196,2219,3039,294,261,27],"class_list":{"0":"post-18937","1":"post","2":"type-post","3":"status-publish","4":"format-standard","5":"has-post-thumbnail","7":"category-destacadas","8":"category-informacion-general","9":"category-tu-soledad","10":"tag-ayuntamiento-soledense","11":"tag-dia-de-la-madre","12":"tag-dia-del-maestro","13":"tag-musica-3","14":"tag-san-luis","15":"tag-slp","16":"tag-soledad"},"_links":{"self":[{"href":"https:\/\/cronicadesoledad.com\/index.php\/wp-json\/wp\/v2\/posts\/18937","targetHints":{"allow":["GET"]}}],"collection":[{"href":"https:\/\/cronicadesoledad.com\/index.php\/wp-json\/wp\/v2\/posts"}],"about":[{"href":"https:\/\/cronicadesoledad.com\/index.php\/wp-json\/wp\/v2\/types\/post"}],"author":[{"embeddable":true,"href":"https:\/\/cronicadesoledad.com\/index.php\/wp-json\/wp\/v2\/users\/2"}],"replies":[{"embeddable":true,"href":"https:\/\/cronicadesoledad.com\/index.php\/wp-json\/wp\/v2\/comments?post=18937"}],"version-history":[{"count":1,"href":"https:\/\/cronicadesoledad.com\/index.php\/wp-json\/wp\/v2\/posts\/18937\/revisions"}],"predecessor-version":[{"id":18939,"href":"https:\/\/cronicadesoledad.com\/index.php\/wp-json\/wp\/v2\/posts\/18937\/revisions\/18939"}],"wp:featuredmedia":[{"embeddable":true,"href":"https:\/\/cronicadesoledad.com\/index.php\/wp-json\/wp\/v2\/media\/18938"}],"wp:attachment":[{"href":"https:\/\/cronicadesoledad.com\/index.php\/wp-json\/wp\/v2\/media?parent=18937"}],"wp:term":[{"taxonomy":"category","embeddable":true,"href":"https:\/\/cronicadesoledad.com\/index.php\/wp-json\/wp\/v2\/categories?post=18937"},{"taxonomy":"post_tag","embeddable":true,"href":"https:\/\/cronicadesoledad.com\/index.php\/wp-json\/wp\/v2\/tags?post=18937"}],"curies":[{"name":"wp","href":"https:\/\/api.w.org\/{rel}","templated":true}]}}