{"id":18943,"date":"2025-05-15T21:01:00","date_gmt":"2025-05-16T03:01:00","guid":{"rendered":"https:\/\/cronicadesoledad.com\/?p=18943"},"modified":"2025-05-15T21:01:00","modified_gmt":"2025-05-16T03:01:00","slug":"smdif-apoya-a-madres-trabajadoras-en-el-cuidado-de-sus-hijos-menores","status":"publish","type":"post","link":"https:\/\/cronicadesoledad.com\/index.php\/2025\/05\/15\/smdif-apoya-a-madres-trabajadoras-en-el-cuidado-de-sus-hijos-menores\/","title":{"rendered":"SMDIF apoya a madres trabajadoras en el cuidado de sus hijos menores"},"content":{"rendered":"\n<p>Madres trabajadoras de Soledad de Graciano S\u00e1nchez reciben el apoyo decidido del Sistema Municipal para el Desarrollo Integral de la Familia (DIF), que con cercan\u00eda y responsabilidad, ofrece atenci\u00f3n especial en el cuidado de sus hijos e hijas menores de edad, mediante las estancias infantiles Capullito 1 y 2 y Jard\u00edn de Ni\u00f1os, facilit\u00e1ndoles la oportunidad de lograr el ingreso econ\u00f3mico de sus hogares, con la confianza del sano crecimiento de sus peque\u00f1os bajo supervisi\u00f3n de personal capacitado.<\/p>\n\n\n\n<p>En los tres centros de atenci\u00f3n infantil que opera el DIF Municipal, se les brindan a las y los infantes actividades para su educaci\u00f3n y sana alimentaci\u00f3n; en el 1 y 2, se atienden a aproximadamente 60 menores en cada uno, mientras que, en el Jard\u00edn de Ni\u00f1os, son hasta 90 ni\u00f1as y ni\u00f1os quienes reciben cuidados especiales y ense\u00f1anza escolar b\u00e1sica. Este apoyo est\u00e1 dirigido a mujeres que por su situaci\u00f3n de vivencia requieren ayuda, teniendo hasta el momento solicitudes en espera para beneficiar a m\u00e1s madres.<\/p>\n\n\n\n<p>De acuerdo a la Presidenta del DIF Municipal, Mar\u00eda del Pilar Cardona Reyna, con el impulso del Alcalde Juan Manuel Navarro Mu\u00f1iz, de apoyar a quienes m\u00e1s lo requieren, los centros Capullito operan en horario de 8 de la ma\u00f1ana a 3 de la tarde de lunes a viernes; el Capullito 3 (Jard\u00edn de Ni\u00f1os) trabaja de 9 a 12 del d\u00eda o de 9 de la ma\u00f1ana a 3 de la tarde, como turno completo, lo cual es la opci\u00f3n m\u00e1s elegida por las mam\u00e1s.<\/p>\n\n\n\n<p>Resalt\u00f3 que el trabajo conjunto con la Secretar\u00eda de Educaci\u00f3n del Estado (SEGE) y el personal capacitado, se asegura una atenci\u00f3n profesional y cercana, y aunque hay mucho inter\u00e9s de la ciudadan\u00eda en incorporarse a este sistema de cuidado infantil, se mantiene una estricta pol\u00edtica de no sobrellenar los grupos y garantizar una atenci\u00f3n de calidad, \u201cpor ello el DIF Municipal tambi\u00e9n contempla la ampliaci\u00f3n de estas instancias, espec\u00edficamente en el caso de Capullito 3, donde la creaci\u00f3n de m\u00e1s aulas y grupos fortalecer\u00e1 a\u00fan m\u00e1s la cobertura y el apoyo a las familias soledenses\u201d.<\/p>\n","protected":false},"excerpt":{"rendered":"<p>Madres trabajadoras de Soledad de Graciano S\u00e1nchez reciben el apoyo decidido del Sistema Municipal para el Desarrollo Integral de la Familia (DIF), que con cercan\u00eda y responsabilidad, ofrece atenci\u00f3n especial en el cuidado de sus hijos e hijas menores de edad, mediante las estancias infantiles Capullito 1 y 2 y Jard\u00edn de Ni\u00f1os, facilit\u00e1ndoles la [&hellip;]<\/p>\n","protected":false},"author":2,"featured_media":18932,"comment_status":"open","ping_status":"open","sticky":false,"template":"","format":"standard","meta":{"footnotes":""},"categories":[1,24,21],"tags":[223,499,2511,2042,294,261,27],"class_list":{"0":"post-18943","1":"post","2":"type-post","3":"status-publish","4":"format-standard","5":"has-post-thumbnail","7":"category-destacadas","8":"category-informacion-general","9":"category-tu-soledad","10":"tag-ayuntamiento-soledense","11":"tag-dif-municipal","12":"tag-madres","13":"tag-ninos-2","14":"tag-san-luis","15":"tag-slp","16":"tag-soledad"},"_links":{"self":[{"href":"https:\/\/cronicadesoledad.com\/index.php\/wp-json\/wp\/v2\/posts\/18943","targetHints":{"allow":["GET"]}}],"collection":[{"href":"https:\/\/cronicadesoledad.com\/index.php\/wp-json\/wp\/v2\/posts"}],"about":[{"href":"https:\/\/cronicadesoledad.com\/index.php\/wp-json\/wp\/v2\/types\/post"}],"author":[{"embeddable":true,"href":"https:\/\/cronicadesoledad.com\/index.php\/wp-json\/wp\/v2\/users\/2"}],"replies":[{"embeddable":true,"href":"https:\/\/cronicadesoledad.com\/index.php\/wp-json\/wp\/v2\/comments?post=18943"}],"version-history":[{"count":1,"href":"https:\/\/cronicadesoledad.com\/index.php\/wp-json\/wp\/v2\/posts\/18943\/revisions"}],"predecessor-version":[{"id":18944,"href":"https:\/\/cronicadesoledad.com\/index.php\/wp-json\/wp\/v2\/posts\/18943\/revisions\/18944"}],"wp:featuredmedia":[{"embeddable":true,"href":"https:\/\/cronicadesoledad.com\/index.php\/wp-json\/wp\/v2\/media\/18932"}],"wp:attachment":[{"href":"https:\/\/cronicadesoledad.com\/index.php\/wp-json\/wp\/v2\/media?parent=18943"}],"wp:term":[{"taxonomy":"category","embeddable":true,"href":"https:\/\/cronicadesoledad.com\/index.php\/wp-json\/wp\/v2\/categories?post=18943"},{"taxonomy":"post_tag","embeddable":true,"href":"https:\/\/cronicadesoledad.com\/index.php\/wp-json\/wp\/v2\/tags?post=18943"}],"curies":[{"name":"wp","href":"https:\/\/api.w.org\/{rel}","templated":true}]}}