{"id":18986,"date":"2025-05-16T23:57:51","date_gmt":"2025-05-17T05:57:51","guid":{"rendered":"https:\/\/cronicadesoledad.com\/?p=18986"},"modified":"2025-05-16T23:57:52","modified_gmt":"2025-05-17T05:57:52","slug":"impulsan-acciones-por-justicia-para-victimas-de-feminicidio","status":"publish","type":"post","link":"https:\/\/cronicadesoledad.com\/index.php\/2025\/05\/16\/impulsan-acciones-por-justicia-para-victimas-de-feminicidio\/","title":{"rendered":"Impulsan acciones por justicia para v\u00edctimas de feminicidio"},"content":{"rendered":"\n<p>En San Luis Potos\u00ed, autoridades estatales reforzaron su compromiso para garantizar justicia a v\u00edctimas de feminicidio y espacios libres de violencia para las mujeres.<br>Con motivo del 14 de mayo, \u201cD\u00eda por la Justicia a las V\u00edctimas de Feminicidio\u201d, la Secretar\u00eda de las Mujeres e Igualdad Sustantiva (Semujeres) organiz\u00f3 una conferencia virtual dirigida a las y los integrantes del Sistema Estatal para la Prevenci\u00f3n, Atenci\u00f3n, Sanci\u00f3n y Erradicaci\u00f3n de la Violencia contra las Mujeres (Sepasevm). Esta acci\u00f3n se enmarca en los esfuerzos por mantener espacios con cero tolerancia a la violencia contra las mujeres, seg\u00fan lo establecido por el Gobierno Estatal.<\/p>\n\n\n\n<p>El evento, que tambi\u00e9n tuvo modalidad presencial, abord\u00f3 la \u201cRecomendaci\u00f3n General 40\/2019 sobre la Violencia Feminicida y el Derecho de las Mujeres a una Vida Libre de Violencia en M\u00e9xico\u201d. En este foro, se enfatiz\u00f3 la urgencia de fortalecer mecanismos institucionales para que las v\u00edctimas de feminicidio y sus familias accedan sin restricciones a la justicia.<\/p>\n\n\n\n<p>La actividad form\u00f3 parte de una estrategia continua para visibilizar la violencia feminicida y promover acciones concretas orientadas a su erradicaci\u00f3n en el estado.<\/p>\n","protected":false},"excerpt":{"rendered":"<p>En San Luis Potos\u00ed, autoridades estatales reforzaron su compromiso para garantizar justicia a v\u00edctimas de feminicidio y espacios libres de violencia para las mujeres.Con motivo del 14 de mayo, \u201cD\u00eda por la Justicia a las V\u00edctimas de Feminicidio\u201d, la Secretar\u00eda de las Mujeres e Igualdad Sustantiva (Semujeres) organiz\u00f3 una conferencia virtual dirigida a las y [&hellip;]<\/p>\n","protected":false},"author":1,"featured_media":18987,"comment_status":"open","ping_status":"open","sticky":false,"template":"","format":"standard","meta":{"footnotes":""},"categories":[24,3163],"tags":[2429,3771,4262,261],"class_list":{"0":"post-18986","1":"post","2":"type-post","3":"status-publish","4":"format-standard","5":"has-post-thumbnail","7":"category-informacion-general","8":"category-san-luis-potosi","9":"tag-gobierno-estatal","10":"tag-semujeres","11":"tag-sepasevm","12":"tag-slp"},"_links":{"self":[{"href":"https:\/\/cronicadesoledad.com\/index.php\/wp-json\/wp\/v2\/posts\/18986","targetHints":{"allow":["GET"]}}],"collection":[{"href":"https:\/\/cronicadesoledad.com\/index.php\/wp-json\/wp\/v2\/posts"}],"about":[{"href":"https:\/\/cronicadesoledad.com\/index.php\/wp-json\/wp\/v2\/types\/post"}],"author":[{"embeddable":true,"href":"https:\/\/cronicadesoledad.com\/index.php\/wp-json\/wp\/v2\/users\/1"}],"replies":[{"embeddable":true,"href":"https:\/\/cronicadesoledad.com\/index.php\/wp-json\/wp\/v2\/comments?post=18986"}],"version-history":[{"count":1,"href":"https:\/\/cronicadesoledad.com\/index.php\/wp-json\/wp\/v2\/posts\/18986\/revisions"}],"predecessor-version":[{"id":18988,"href":"https:\/\/cronicadesoledad.com\/index.php\/wp-json\/wp\/v2\/posts\/18986\/revisions\/18988"}],"wp:featuredmedia":[{"embeddable":true,"href":"https:\/\/cronicadesoledad.com\/index.php\/wp-json\/wp\/v2\/media\/18987"}],"wp:attachment":[{"href":"https:\/\/cronicadesoledad.com\/index.php\/wp-json\/wp\/v2\/media?parent=18986"}],"wp:term":[{"taxonomy":"category","embeddable":true,"href":"https:\/\/cronicadesoledad.com\/index.php\/wp-json\/wp\/v2\/categories?post=18986"},{"taxonomy":"post_tag","embeddable":true,"href":"https:\/\/cronicadesoledad.com\/index.php\/wp-json\/wp\/v2\/tags?post=18986"}],"curies":[{"name":"wp","href":"https:\/\/api.w.org\/{rel}","templated":true}]}}