{"id":18989,"date":"2025-05-17T00:04:07","date_gmt":"2025-05-17T06:04:07","guid":{"rendered":"https:\/\/cronicadesoledad.com\/?p=18989"},"modified":"2025-05-17T00:04:08","modified_gmt":"2025-05-17T06:04:08","slug":"detienen-a-tres-hombres-por-portar-armas-prohibidas","status":"publish","type":"post","link":"https:\/\/cronicadesoledad.com\/index.php\/2025\/05\/17\/detienen-a-tres-hombres-por-portar-armas-prohibidas\/","title":{"rendered":"Detienen a tres hombres por portar armas prohibidas"},"content":{"rendered":"\n<p>La Guardia Civil Municipal de Soledad de Graciano S\u00e1nchez asegur\u00f3 a tres individuos por portar armas prohibidas durante operativos preventivos en distintas colonias del municipio.<br>Como parte de las labores de prevenci\u00f3n para mantener el orden p\u00fablico, agentes de la Guardia Civil Municipal detuvieron a tres hombres en distintas ubicaciones del municipio de Soledad de Graciano S\u00e1nchez por la portaci\u00f3n de armas prohibidas.<\/p>\n\n\n\n<p>El primer arresto ocurri\u00f3 en la colonia Primero de Mayo, sobre la Avenida Valle de los Fantasmas, donde un hombre identificado como \u00d3scar &#8220;N&#8221;, de 24 a\u00f1os, intent\u00f3 huir al notar la presencia policial. Tras ser interceptado, se le encontr\u00f3 un arma de fuego de fabricaci\u00f3n casera con un cartucho \u00fatil.<\/p>\n\n\n\n<p>En la colonia Praderas del Maurel, espec\u00edficamente en Avenida Jes\u00fas Yurem, fue detenido Rub\u00e9n &#8220;N&#8221;, de 26 a\u00f1os, por cometer faltas administrativas. Durante una revisi\u00f3n, se le asegur\u00f3 un cuchillo que llevaba consigo.<\/p>\n\n\n\n<p>Finalmente, en la colonia San Francisco, sobre la calle Rep\u00fablica de Uruguay, los oficiales detectaron a Pedro &#8220;N&#8221;, de 42 a\u00f1os, quien agred\u00eda verbalmente a personas en la v\u00eda p\u00fablica. Al realizar una inspecci\u00f3n, se le encontr\u00f3 un objeto met\u00e1lico afilado, similar a un cuchillo.<\/p>\n\n\n\n<p>Los tres detenidos fueron puestos a disposici\u00f3n de la autoridad correspondiente para definir su situaci\u00f3n legal, como parte del protocolo ante la portaci\u00f3n de armas prohibidas.<\/p>\n","protected":false},"excerpt":{"rendered":"<p>La Guardia Civil Municipal de Soledad de Graciano S\u00e1nchez asegur\u00f3 a tres individuos por portar armas prohibidas durante operativos preventivos en distintas colonias del municipio.Como parte de las labores de prevenci\u00f3n para mantener el orden p\u00fablico, agentes de la Guardia Civil Municipal detuvieron a tres hombres en distintas ubicaciones del municipio de Soledad de Graciano [&hellip;]<\/p>\n","protected":false},"author":1,"featured_media":18990,"comment_status":"open","ping_status":"open","sticky":false,"template":"","format":"standard","meta":{"footnotes":""},"categories":[1,24,19,21],"tags":[470,2483,276,261,27],"class_list":{"0":"post-18989","1":"post","2":"type-post","3":"status-publish","4":"format-standard","5":"has-post-thumbnail","7":"category-destacadas","8":"category-informacion-general","9":"category-seguridad","10":"category-tu-soledad","11":"tag-detenidos","12":"tag-guardia-civil-municipal","13":"tag-seguridad","14":"tag-slp","15":"tag-soledad"},"_links":{"self":[{"href":"https:\/\/cronicadesoledad.com\/index.php\/wp-json\/wp\/v2\/posts\/18989","targetHints":{"allow":["GET"]}}],"collection":[{"href":"https:\/\/cronicadesoledad.com\/index.php\/wp-json\/wp\/v2\/posts"}],"about":[{"href":"https:\/\/cronicadesoledad.com\/index.php\/wp-json\/wp\/v2\/types\/post"}],"author":[{"embeddable":true,"href":"https:\/\/cronicadesoledad.com\/index.php\/wp-json\/wp\/v2\/users\/1"}],"replies":[{"embeddable":true,"href":"https:\/\/cronicadesoledad.com\/index.php\/wp-json\/wp\/v2\/comments?post=18989"}],"version-history":[{"count":1,"href":"https:\/\/cronicadesoledad.com\/index.php\/wp-json\/wp\/v2\/posts\/18989\/revisions"}],"predecessor-version":[{"id":18991,"href":"https:\/\/cronicadesoledad.com\/index.php\/wp-json\/wp\/v2\/posts\/18989\/revisions\/18991"}],"wp:featuredmedia":[{"embeddable":true,"href":"https:\/\/cronicadesoledad.com\/index.php\/wp-json\/wp\/v2\/media\/18990"}],"wp:attachment":[{"href":"https:\/\/cronicadesoledad.com\/index.php\/wp-json\/wp\/v2\/media?parent=18989"}],"wp:term":[{"taxonomy":"category","embeddable":true,"href":"https:\/\/cronicadesoledad.com\/index.php\/wp-json\/wp\/v2\/categories?post=18989"},{"taxonomy":"post_tag","embeddable":true,"href":"https:\/\/cronicadesoledad.com\/index.php\/wp-json\/wp\/v2\/tags?post=18989"}],"curies":[{"name":"wp","href":"https:\/\/api.w.org\/{rel}","templated":true}]}}