{"id":19013,"date":"2025-05-19T03:00:00","date_gmt":"2025-05-19T09:00:00","guid":{"rendered":"https:\/\/cronicadesoledad.com\/?p=19013"},"modified":"2025-05-18T22:45:53","modified_gmt":"2025-05-19T04:45:53","slug":"objetivo-prioritario-capturado-con-metanfetaminas","status":"publish","type":"post","link":"https:\/\/cronicadesoledad.com\/index.php\/2025\/05\/19\/objetivo-prioritario-capturado-con-metanfetaminas\/","title":{"rendered":"Objetivo prioritario capturado con metanfetaminas"},"content":{"rendered":"\n<p>Mientras realizaban un patrullaje preventivo en la calle Rep\u00fablica de Bolivia, en la colonia Progreso, agentes de la Polic\u00eda Municipal observaron a un sujeto que insultaba de forma agresiva a personas que transitaban por la zona. Ante la conducta alterada del individuo, los oficiales se acercaron para intervenir de manera pac\u00edfica e informarle sobre la falta administrativa que estaba cometiendo.<\/p>\n\n\n\n<p>Tras varios minutos de di\u00e1logo, el joven se identific\u00f3 como Brayan &#8220;N&#8221;, de 19 a\u00f1os de edad, quien manten\u00eda una actitud hostil. Al proceder con una inspecci\u00f3n preventiva, los elementos le localizaron entre sus pertenencias dos dosis de una sustancia blanca con caracter\u00edsticas similares a la droga conocida como &#8220;cristal&#8221;, por lo que se activaron los protocolos correspondientes.<\/p>\n\n\n\n<p>En seguimiento a lo establecido por la ley, los oficiales consultaron su informaci\u00f3n en Plataforma M\u00e9xico, donde se confirm\u00f3 que Brayan &#8220;N&#8221; figuraba como un objetivo prioritario generador de incidencias. Asimismo, el sistema arroj\u00f3 que cuenta con carpetas de investigaci\u00f3n abiertas por delitos de robo y posesi\u00f3n de sustancias il\u00edcitas.<\/p>\n\n\n\n<p>Ante estos antecedentes y el hallazgo de la presunta droga, el joven fue detenido formalmente por el delito de posesi\u00f3n de metanfetaminas. Los agentes les dieron lectura a sus derechos y posteriormente fue puesto a disposici\u00f3n de la autoridad competente para que se determine su situaci\u00f3n legal.<\/p>\n","protected":false},"excerpt":{"rendered":"<p>Mientras realizaban un patrullaje preventivo en la calle Rep\u00fablica de Bolivia, en la colonia Progreso, agentes de la Polic\u00eda Municipal observaron a un sujeto que insultaba de forma agresiva a personas que transitaban por la zona. Ante la conducta alterada del individuo, los oficiales se acercaron para intervenir de manera pac\u00edfica e informarle sobre la [&hellip;]<\/p>\n","protected":false},"author":2,"featured_media":19014,"comment_status":"open","ping_status":"open","sticky":false,"template":"","format":"standard","meta":{"footnotes":""},"categories":[1,24,19],"tags":[1503,294,276,261,27],"class_list":{"0":"post-19013","1":"post","2":"type-post","3":"status-publish","4":"format-standard","5":"has-post-thumbnail","7":"category-destacadas","8":"category-informacion-general","9":"category-seguridad","10":"tag-detenido","11":"tag-san-luis","12":"tag-seguridad","13":"tag-slp","14":"tag-soledad"},"_links":{"self":[{"href":"https:\/\/cronicadesoledad.com\/index.php\/wp-json\/wp\/v2\/posts\/19013","targetHints":{"allow":["GET"]}}],"collection":[{"href":"https:\/\/cronicadesoledad.com\/index.php\/wp-json\/wp\/v2\/posts"}],"about":[{"href":"https:\/\/cronicadesoledad.com\/index.php\/wp-json\/wp\/v2\/types\/post"}],"author":[{"embeddable":true,"href":"https:\/\/cronicadesoledad.com\/index.php\/wp-json\/wp\/v2\/users\/2"}],"replies":[{"embeddable":true,"href":"https:\/\/cronicadesoledad.com\/index.php\/wp-json\/wp\/v2\/comments?post=19013"}],"version-history":[{"count":1,"href":"https:\/\/cronicadesoledad.com\/index.php\/wp-json\/wp\/v2\/posts\/19013\/revisions"}],"predecessor-version":[{"id":19015,"href":"https:\/\/cronicadesoledad.com\/index.php\/wp-json\/wp\/v2\/posts\/19013\/revisions\/19015"}],"wp:featuredmedia":[{"embeddable":true,"href":"https:\/\/cronicadesoledad.com\/index.php\/wp-json\/wp\/v2\/media\/19014"}],"wp:attachment":[{"href":"https:\/\/cronicadesoledad.com\/index.php\/wp-json\/wp\/v2\/media?parent=19013"}],"wp:term":[{"taxonomy":"category","embeddable":true,"href":"https:\/\/cronicadesoledad.com\/index.php\/wp-json\/wp\/v2\/categories?post=19013"},{"taxonomy":"post_tag","embeddable":true,"href":"https:\/\/cronicadesoledad.com\/index.php\/wp-json\/wp\/v2\/tags?post=19013"}],"curies":[{"name":"wp","href":"https:\/\/api.w.org\/{rel}","templated":true}]}}