{"id":19065,"date":"2025-05-19T23:30:00","date_gmt":"2025-05-20T05:30:00","guid":{"rendered":"https:\/\/cronicadesoledad.com\/?p=19065"},"modified":"2025-05-19T21:04:10","modified_gmt":"2025-05-20T03:04:10","slug":"campana-de-lentes-a-bajo-costo-en-villa-de-pozos","status":"publish","type":"post","link":"https:\/\/cronicadesoledad.com\/index.php\/2025\/05\/19\/campana-de-lentes-a-bajo-costo-en-villa-de-pozos\/","title":{"rendered":"Campa\u00f1a de lentes a bajo costo en Villa de Pozos"},"content":{"rendered":"\n<p>Con el objetivo de mejorar la salud visual de los habitantes del municipio sin afectar su econom\u00eda, el Gobierno de Villa de Pozos, a trav\u00e9s del Sistema DIF Municipal, inici\u00f3 una campa\u00f1a de lentes a bajo costo dirigida a todas las familias poce\u00f1as que requieren este apoyo.<\/p>\n\n\n\n<p>La Presidenta del DIF Municipal, Laura Ang\u00e9lica Villanueva Hern\u00e1ndez, inform\u00f3 que esta iniciativa es posible gracias a un convenio con una \u00f3ptica, lo que permite ofrecer lentes desde $300 pesos e incluye examen de la vista completamente gratuito.<\/p>\n\n\n\n<p>La jornada se lleva a cabo del lunes 19 al viernes 23 de mayo, en un horario de 10:00 a 15:00 horas, en las instalaciones del DIF Municipal ubicadas en calle Viller\u00edas #305 y los lentes adquiridos durante la campa\u00f1a estar\u00e1n disponibles para entrega a partir del 26 de mayo.<\/p>\n\n\n\n<p>Villanueva Hern\u00e1ndez, espera que esta acci\u00f3n beneficie a cientos de familias poce\u00f1as, contribuya al bienestar social y se mejore la calidad de vida en la localidad.<\/p>\n","protected":false},"excerpt":{"rendered":"<p>Con el objetivo de mejorar la salud visual de los habitantes del municipio sin afectar su econom\u00eda, el Gobierno de Villa de Pozos, a trav\u00e9s del Sistema DIF Municipal, inici\u00f3 una campa\u00f1a de lentes a bajo costo dirigida a todas las familias poce\u00f1as que requieren este apoyo. La Presidenta del DIF Municipal, Laura Ang\u00e9lica Villanueva [&hellip;]<\/p>\n","protected":false},"author":1,"featured_media":19066,"comment_status":"open","ping_status":"open","sticky":false,"template":"","format":"standard","meta":{"footnotes":""},"categories":[1,24,3175],"tags":[1811,269,294,261,1068],"class_list":{"0":"post-19065","1":"post","2":"type-post","3":"status-publish","4":"format-standard","5":"has-post-thumbnail","7":"category-destacadas","8":"category-informacion-general","9":"category-pozos","10":"tag-lentes","11":"tag-salud","12":"tag-san-luis","13":"tag-slp","14":"tag-villa-de-pozos"},"_links":{"self":[{"href":"https:\/\/cronicadesoledad.com\/index.php\/wp-json\/wp\/v2\/posts\/19065","targetHints":{"allow":["GET"]}}],"collection":[{"href":"https:\/\/cronicadesoledad.com\/index.php\/wp-json\/wp\/v2\/posts"}],"about":[{"href":"https:\/\/cronicadesoledad.com\/index.php\/wp-json\/wp\/v2\/types\/post"}],"author":[{"embeddable":true,"href":"https:\/\/cronicadesoledad.com\/index.php\/wp-json\/wp\/v2\/users\/1"}],"replies":[{"embeddable":true,"href":"https:\/\/cronicadesoledad.com\/index.php\/wp-json\/wp\/v2\/comments?post=19065"}],"version-history":[{"count":1,"href":"https:\/\/cronicadesoledad.com\/index.php\/wp-json\/wp\/v2\/posts\/19065\/revisions"}],"predecessor-version":[{"id":19067,"href":"https:\/\/cronicadesoledad.com\/index.php\/wp-json\/wp\/v2\/posts\/19065\/revisions\/19067"}],"wp:featuredmedia":[{"embeddable":true,"href":"https:\/\/cronicadesoledad.com\/index.php\/wp-json\/wp\/v2\/media\/19066"}],"wp:attachment":[{"href":"https:\/\/cronicadesoledad.com\/index.php\/wp-json\/wp\/v2\/media?parent=19065"}],"wp:term":[{"taxonomy":"category","embeddable":true,"href":"https:\/\/cronicadesoledad.com\/index.php\/wp-json\/wp\/v2\/categories?post=19065"},{"taxonomy":"post_tag","embeddable":true,"href":"https:\/\/cronicadesoledad.com\/index.php\/wp-json\/wp\/v2\/tags?post=19065"}],"curies":[{"name":"wp","href":"https:\/\/api.w.org\/{rel}","templated":true}]}}