{"id":19103,"date":"2025-05-20T15:34:24","date_gmt":"2025-05-20T21:34:24","guid":{"rendered":"https:\/\/cronicadesoledad.com\/?p=19103"},"modified":"2025-05-20T15:36:11","modified_gmt":"2025-05-20T21:36:11","slug":"asesinan-a-ximena-guzman-y-jose-munoz-integrantes-del-equipo-de-clara-brugada","status":"publish","type":"post","link":"https:\/\/cronicadesoledad.com\/index.php\/2025\/05\/20\/asesinan-a-ximena-guzman-y-jose-munoz-integrantes-del-equipo-de-clara-brugada\/","title":{"rendered":"Asesinan a Ximena Guzm\u00e1n y Jos\u00e9 Mu\u00f1oz, integrantes del equipo de Clara Brugada"},"content":{"rendered":"\n<p>El Gobierno de la Ciudad de M\u00e9xico confirm\u00f3 este martes el fallecimiento de dos funcionarios p\u00fablicos tras un ataque directo registrado en la alcald\u00eda Benito Ju\u00e1rez. Las v\u00edctimas fueron identificadas como Ximena Guzm\u00e1n, secretaria particular de la jefa de Gobierno, Clara Brugada, y Jos\u00e9 Mu\u00f1oz, asesor de su equipo.<\/p>\n\n\n\n<p>El ataque ocurri\u00f3 en la intersecci\u00f3n de Calzada de Tlalpan y la calle Napole\u00f3n, en la colonia Moderna. De acuerdo con los primeros reportes, los funcionarios se desplazaban en una camioneta Audi Q2, modelo 2021, cuando fueron agredidos. El veh\u00edculo qued\u00f3 detenido frente al complejo Residencial Xola 680, en direcci\u00f3n al Centro Hist\u00f3rico.<\/p>\n\n\n\n<p>Las autoridades informaron que los agresores presuntamente se trasladaban en una motocicleta y se dieron a la fuga tras el ataque. La Secretar\u00eda de Seguridad Ciudadana (SSC) y la Fiscal\u00eda General de Justicia de la Ciudad de M\u00e9xico ya iniciaron las investigaciones correspondientes, con apoyo del Gobierno federal. Parte de las diligencias incluyen el an\u00e1lisis de las im\u00e1genes captadas por c\u00e1maras de videovigilancia para identificar a los responsables.<\/p>\n\n\n\n<p>En un comunicado, el Gobierno de la Ciudad de M\u00e9xico asegur\u00f3 que no habr\u00e1 impunidad y que se proceder\u00e1 conforme a la ley: \u201cEl compromiso es claro: los responsables ser\u00e1n detenidos y deber\u00e1n enfrentar a la justicia\u201d.<\/p>\n\n\n\n<p>La presidenta Claudia Sheinbaum abord\u00f3 el tema durante su conferencia matutina, donde expres\u00f3 sus condolencias a los familiares de las v\u00edctimas y manifest\u00f3 su respaldo a la jefa de Gobierno: \u201cVamos a llegar al fondo de esta situaci\u00f3n. Nuestro apoyo incondicional a la jefa de Gobierno y nuestra solidaridad a las familias de estas dos personas que vienen trabajando en nuestro movimiento desde hace mucho tiempo\u201d.<\/p>\n\n\n\n<p>Sheinbaum tambi\u00e9n inform\u00f3 que el secretario de Seguridad y Protecci\u00f3n Ciudadana, Omar Garc\u00eda Harfuch, instruy\u00f3 al Centro Nacional de Inteligencia para colaborar en las investigaciones.<\/p>\n\n\n\n<p>Hasta el momento, no se ha confirmado el m\u00f3vil del ataque. Las autoridades indicaron que seguir\u00e1n informando conforme se obtengan avances en las indagatorias.<\/p>\n","protected":false},"excerpt":{"rendered":"<p>El Gobierno de la Ciudad de M\u00e9xico confirm\u00f3 este martes el fallecimiento de dos funcionarios p\u00fablicos tras un ataque directo registrado en la alcald\u00eda Benito Ju\u00e1rez. Las v\u00edctimas fueron identificadas como Ximena Guzm\u00e1n, secretaria particular de la jefa de Gobierno, Clara Brugada, y Jos\u00e9 Mu\u00f1oz, asesor de su equipo. El ataque ocurri\u00f3 en la intersecci\u00f3n [&hellip;]<\/p>\n","protected":false},"author":1,"featured_media":19104,"comment_status":"open","ping_status":"open","sticky":false,"template":"","format":"standard","meta":{"footnotes":""},"categories":[1,24,3258,19],"tags":[4282,498,4283,287,276],"class_list":{"0":"post-19103","1":"post","2":"type-post","3":"status-publish","4":"format-standard","5":"has-post-thumbnail","7":"category-destacadas","8":"category-informacion-general","9":"category-nacionales","10":"category-seguridad","11":"tag-asesinato-de-funcionarios-publicos","12":"tag-cdmx","13":"tag-clara-brugada","14":"tag-nacional","15":"tag-seguridad"},"_links":{"self":[{"href":"https:\/\/cronicadesoledad.com\/index.php\/wp-json\/wp\/v2\/posts\/19103","targetHints":{"allow":["GET"]}}],"collection":[{"href":"https:\/\/cronicadesoledad.com\/index.php\/wp-json\/wp\/v2\/posts"}],"about":[{"href":"https:\/\/cronicadesoledad.com\/index.php\/wp-json\/wp\/v2\/types\/post"}],"author":[{"embeddable":true,"href":"https:\/\/cronicadesoledad.com\/index.php\/wp-json\/wp\/v2\/users\/1"}],"replies":[{"embeddable":true,"href":"https:\/\/cronicadesoledad.com\/index.php\/wp-json\/wp\/v2\/comments?post=19103"}],"version-history":[{"count":1,"href":"https:\/\/cronicadesoledad.com\/index.php\/wp-json\/wp\/v2\/posts\/19103\/revisions"}],"predecessor-version":[{"id":19105,"href":"https:\/\/cronicadesoledad.com\/index.php\/wp-json\/wp\/v2\/posts\/19103\/revisions\/19105"}],"wp:featuredmedia":[{"embeddable":true,"href":"https:\/\/cronicadesoledad.com\/index.php\/wp-json\/wp\/v2\/media\/19104"}],"wp:attachment":[{"href":"https:\/\/cronicadesoledad.com\/index.php\/wp-json\/wp\/v2\/media?parent=19103"}],"wp:term":[{"taxonomy":"category","embeddable":true,"href":"https:\/\/cronicadesoledad.com\/index.php\/wp-json\/wp\/v2\/categories?post=19103"},{"taxonomy":"post_tag","embeddable":true,"href":"https:\/\/cronicadesoledad.com\/index.php\/wp-json\/wp\/v2\/tags?post=19103"}],"curies":[{"name":"wp","href":"https:\/\/api.w.org\/{rel}","templated":true}]}}