{"id":19169,"date":"2025-05-21T20:00:00","date_gmt":"2025-05-22T02:00:00","guid":{"rendered":"https:\/\/cronicadesoledad.com\/?p=19169"},"modified":"2025-05-21T20:44:14","modified_gmt":"2025-05-22T02:44:14","slug":"reconocen-a-estudiantes-destacados-de-soledad-con-apoyos-economicos-y-despensas","status":"publish","type":"post","link":"https:\/\/cronicadesoledad.com\/index.php\/2025\/05\/21\/reconocen-a-estudiantes-destacados-de-soledad-con-apoyos-economicos-y-despensas\/","title":{"rendered":"Reconocen a estudiantes destacados de Soledad con apoyos econ\u00f3micos y despensas"},"content":{"rendered":"\n<p>Como parte del compromiso del Gobierno Municipal con la educaci\u00f3n y el bienestar de la ni\u00f1ez, el alcalde Juan Manuel Navarro Mu\u00f1iz encabez\u00f3 la segunda entrega del programa <em>\u201cEst\u00edmulos a la Educaci\u00f3n\u201d<\/em>, que otorga apoyos econ\u00f3micos a estudiantes de nivel b\u00e1sico con alto rendimiento acad\u00e9mico.<\/p>\n\n\n\n<p>Durante el evento, se beneficiaron 1,500 alumnas y alumnos de escuelas p\u00fablicas del municipio, tanto de primaria como de secundaria, quienes recibieron un est\u00edmulo bimestral de mil 500 pesos en efectivo, as\u00ed como una despensa alimentaria, como reconocimiento a su esfuerzo y dedicaci\u00f3n en el aula.<\/p>\n\n\n\n<p>El presidente municipal destac\u00f3 que esta segunda entrega se realiza antes del cierre del ciclo escolar y anunci\u00f3 que se prev\u00e9 una tercera antes del periodo vacacional. Adem\u00e1s, subray\u00f3 que mantener un promedio m\u00ednimo de 8.5 no solo representa disciplina, sino que abre puertas a m\u00e1s oportunidades acad\u00e9micas y sociales.<\/p>\n\n\n\n<p>\u201cEste va a ser su pasaporte para el pr\u00f3ximo programa de Est\u00edmulos a la Educaci\u00f3n\u201d, se\u00f1al\u00f3 Navarro Mu\u00f1iz, quien tambi\u00e9n reafirm\u00f3 el respaldo de su administraci\u00f3n a las comunidades escolares, incluyendo acciones como el env\u00edo de pipas de agua y apoyo a purificadoras, con el objetivo de garantizar condiciones dignas en los planteles educativos.<\/p>\n\n\n\n<p>En representaci\u00f3n del alumnado, Naomi Garc\u00eda, estudiante de la secundaria \u201cIgnacio Manuel Altamirano\u201d, agradeci\u00f3 el apoyo recibido: \u201cCon este apoyo puedo seguir mi educaci\u00f3n o ahorrar para invertir, es una gran ayuda\u201d.<\/p>\n","protected":false},"excerpt":{"rendered":"<p>Como parte del compromiso del Gobierno Municipal con la educaci\u00f3n y el bienestar de la ni\u00f1ez, el alcalde Juan Manuel Navarro Mu\u00f1iz encabez\u00f3 la segunda entrega del programa \u201cEst\u00edmulos a la Educaci\u00f3n\u201d, que otorga apoyos econ\u00f3micos a estudiantes de nivel b\u00e1sico con alto rendimiento acad\u00e9mico. Durante el evento, se beneficiaron 1,500 alumnas y alumnos de [&hellip;]<\/p>\n","protected":false},"author":1,"featured_media":19170,"comment_status":"open","ping_status":"open","sticky":false,"template":"","format":"standard","meta":{"footnotes":""},"categories":[1,24,21],"tags":[3389,4307,261,27],"class_list":{"0":"post-19169","1":"post","2":"type-post","3":"status-publish","4":"format-standard","5":"has-post-thumbnail","7":"category-destacadas","8":"category-informacion-general","9":"category-tu-soledad","10":"tag-apoyo-economico-2","11":"tag-estudiantes-destacados","12":"tag-slp","13":"tag-soledad"},"_links":{"self":[{"href":"https:\/\/cronicadesoledad.com\/index.php\/wp-json\/wp\/v2\/posts\/19169","targetHints":{"allow":["GET"]}}],"collection":[{"href":"https:\/\/cronicadesoledad.com\/index.php\/wp-json\/wp\/v2\/posts"}],"about":[{"href":"https:\/\/cronicadesoledad.com\/index.php\/wp-json\/wp\/v2\/types\/post"}],"author":[{"embeddable":true,"href":"https:\/\/cronicadesoledad.com\/index.php\/wp-json\/wp\/v2\/users\/1"}],"replies":[{"embeddable":true,"href":"https:\/\/cronicadesoledad.com\/index.php\/wp-json\/wp\/v2\/comments?post=19169"}],"version-history":[{"count":1,"href":"https:\/\/cronicadesoledad.com\/index.php\/wp-json\/wp\/v2\/posts\/19169\/revisions"}],"predecessor-version":[{"id":19171,"href":"https:\/\/cronicadesoledad.com\/index.php\/wp-json\/wp\/v2\/posts\/19169\/revisions\/19171"}],"wp:featuredmedia":[{"embeddable":true,"href":"https:\/\/cronicadesoledad.com\/index.php\/wp-json\/wp\/v2\/media\/19170"}],"wp:attachment":[{"href":"https:\/\/cronicadesoledad.com\/index.php\/wp-json\/wp\/v2\/media?parent=19169"}],"wp:term":[{"taxonomy":"category","embeddable":true,"href":"https:\/\/cronicadesoledad.com\/index.php\/wp-json\/wp\/v2\/categories?post=19169"},{"taxonomy":"post_tag","embeddable":true,"href":"https:\/\/cronicadesoledad.com\/index.php\/wp-json\/wp\/v2\/tags?post=19169"}],"curies":[{"name":"wp","href":"https:\/\/api.w.org\/{rel}","templated":true}]}}