{"id":19203,"date":"2025-05-23T07:00:00","date_gmt":"2025-05-23T13:00:00","guid":{"rendered":"https:\/\/cronicadesoledad.com\/?p=19203"},"modified":"2025-05-22T17:10:12","modified_gmt":"2025-05-22T23:10:12","slug":"villa-de-pozos-fortalece-bienestar-de-adultos-mayores","status":"publish","type":"post","link":"https:\/\/cronicadesoledad.com\/index.php\/2025\/05\/23\/villa-de-pozos-fortalece-bienestar-de-adultos-mayores\/","title":{"rendered":"Villa de Pozos fortalece bienestar de adultos mayores"},"content":{"rendered":"\n<p>El Gobierno de Villa de Pozos, a trav\u00e9s del Sistema Municipal para el Desarrollo Integral de la Familia (DIF), mantiene activos los clubs para adultos mayores como parte de su compromiso con el bienestar social de este sector de la poblaci\u00f3n.<\/p>\n\n\n\n<p>La presidenta del DIF Municipal, Laura Ang\u00e9lica Villanueva Hern\u00e1ndez, inform\u00f3 que actualmente existen cuatro clubs en distintas zonas del municipio, como en las instalaciones del DIF en calle Viller\u00edas 305 los d\u00edas lunes de 11:00 a 13:00 horas; en el centro comunitario Mi Casita en el antiguo rastro municipal los d\u00edas jueves de 09:00 a 12:00 horas; en Urbi Villa los d\u00edas martes de 11:00 a 13:00 horas y en San Nicol\u00e1s de los Jassos los d\u00edas viernes de 11:00 a 13:00 horas.<\/p>\n\n\n\n<p>Villanueva Hern\u00e1ndez, detall\u00f3 que, en estos espacios, los adultos mayores participan en pl\u00e1ticas informativas, actividades manuales, convivencias y activaciones f\u00edsicas, con el objetivo de brindarles momentos agradables que favorezcan su salud emocional y f\u00edsica.<\/p>\n\n\n\n<p>M\u00e1s de 30 adultos mayores se benefician de manera positiva con estas actividades, por ello, Villanueva Hern\u00e1ndez, extendi\u00f3 una invitaci\u00f3n a todas las personas mayores del municipio a integrarse a estos clubs y destac\u00f3 que son espacios seguros, activos y pensados especialmente para su desarrollo integral.<\/p>\n","protected":false},"excerpt":{"rendered":"<p>El Gobierno de Villa de Pozos, a trav\u00e9s del Sistema Municipal para el Desarrollo Integral de la Familia (DIF), mantiene activos los clubs para adultos mayores como parte de su compromiso con el bienestar social de este sector de la poblaci\u00f3n. La presidenta del DIF Municipal, Laura Ang\u00e9lica Villanueva Hern\u00e1ndez, inform\u00f3 que actualmente existen cuatro [&hellip;]<\/p>\n","protected":false},"author":1,"featured_media":19204,"comment_status":"open","ping_status":"open","sticky":false,"template":"","format":"standard","meta":{"footnotes":""},"categories":[1,24,3175],"tags":[387,294,261,1068],"class_list":{"0":"post-19203","1":"post","2":"type-post","3":"status-publish","4":"format-standard","5":"has-post-thumbnail","7":"category-destacadas","8":"category-informacion-general","9":"category-pozos","10":"tag-dif","11":"tag-san-luis","12":"tag-slp","13":"tag-villa-de-pozos"},"_links":{"self":[{"href":"https:\/\/cronicadesoledad.com\/index.php\/wp-json\/wp\/v2\/posts\/19203","targetHints":{"allow":["GET"]}}],"collection":[{"href":"https:\/\/cronicadesoledad.com\/index.php\/wp-json\/wp\/v2\/posts"}],"about":[{"href":"https:\/\/cronicadesoledad.com\/index.php\/wp-json\/wp\/v2\/types\/post"}],"author":[{"embeddable":true,"href":"https:\/\/cronicadesoledad.com\/index.php\/wp-json\/wp\/v2\/users\/1"}],"replies":[{"embeddable":true,"href":"https:\/\/cronicadesoledad.com\/index.php\/wp-json\/wp\/v2\/comments?post=19203"}],"version-history":[{"count":1,"href":"https:\/\/cronicadesoledad.com\/index.php\/wp-json\/wp\/v2\/posts\/19203\/revisions"}],"predecessor-version":[{"id":19205,"href":"https:\/\/cronicadesoledad.com\/index.php\/wp-json\/wp\/v2\/posts\/19203\/revisions\/19205"}],"wp:featuredmedia":[{"embeddable":true,"href":"https:\/\/cronicadesoledad.com\/index.php\/wp-json\/wp\/v2\/media\/19204"}],"wp:attachment":[{"href":"https:\/\/cronicadesoledad.com\/index.php\/wp-json\/wp\/v2\/media?parent=19203"}],"wp:term":[{"taxonomy":"category","embeddable":true,"href":"https:\/\/cronicadesoledad.com\/index.php\/wp-json\/wp\/v2\/categories?post=19203"},{"taxonomy":"post_tag","embeddable":true,"href":"https:\/\/cronicadesoledad.com\/index.php\/wp-json\/wp\/v2\/tags?post=19203"}],"curies":[{"name":"wp","href":"https:\/\/api.w.org\/{rel}","templated":true}]}}