{"id":19222,"date":"2025-05-22T17:58:18","date_gmt":"2025-05-22T23:58:18","guid":{"rendered":"https:\/\/cronicadesoledad.com\/?p=19222"},"modified":"2025-05-22T17:58:18","modified_gmt":"2025-05-22T23:58:18","slug":"gracias-alcalde-por-cumplirnos-vecinos-de-la-genaro-vazquez","status":"publish","type":"post","link":"https:\/\/cronicadesoledad.com\/index.php\/2025\/05\/22\/gracias-alcalde-por-cumplirnos-vecinos-de-la-genaro-vazquez\/","title":{"rendered":"\u201c\u00a1Gracias, alcalde, por cumplirnos!\u201d: Vecinos de la Genaro V\u00e1zquez"},"content":{"rendered":"\n<p>La pavimentaci\u00f3n de varias calles en la colonia Genaro V\u00e1zquez fue recibida con entusiasmo por decenas de familias que, entre sonrisas y palabras emotivas, reconocieron al Alcalde Juan Manuel Navarro Mu\u00f1iz por hacer realidad una obra largamente esperada, que transforma su entorno y mejora su vida diaria.<\/p>\n\n\n\n<p>\u201cMe da mucho gusto que por fin inicien estas obras, gracias al Alcalde Juan Manuel Navarro, porque esto beneficia a toda la comunidad\u201d, expres\u00f3 Mar\u00eda del Carmen Z\u00fa\u00f1iga, vecina con m\u00e1s de 10 a\u00f1os de vivir en la zona, quien record\u00f3 que durante mucho tiempo la colonia fue olvidada.<\/p>\n\n\n\n<p>Tambi\u00e9n Katy Mart\u00ednez resalt\u00f3 el impacto de la pavimentaci\u00f3n, especialmente en beneficio de las y los m\u00e1s peque\u00f1os. \u201cAntes los ni\u00f1os iban a la escuela esquivando charcos, ahora caminar\u00e1n por calles dignas, eso es un gran avance para nuestra comunidad\u201d, dijo con evidente emoci\u00f3n.<\/p>\n\n\n\n<p>Otra habitante, Guadalupe Armend\u00e1riz P\u00e9rez comparti\u00f3 que esper\u00f3 esta obra durante toda su vida. \u201cHoy es una realidad y me llena de felicidad ver c\u00f3mo nuestra colonia mejora, gracias al Alcalde por su compromiso con las familias de aqu\u00ed\u201d.<\/p>\n\n\n\n<p>El Ayuntamiento de Soledad de Graciano S\u00e1nchez, siguiendo la visi\u00f3n del Alcalde Juan Manuel Navarro, contin\u00faa acercando beneficios reales a las colonias que m\u00e1s lo necesitan, con obras que nacen del sentir de la ciudadan\u00eda.<\/p>\n","protected":false},"excerpt":{"rendered":"<p>La pavimentaci\u00f3n de varias calles en la colonia Genaro V\u00e1zquez fue recibida con entusiasmo por decenas de familias que, entre sonrisas y palabras emotivas, reconocieron al Alcalde Juan Manuel Navarro Mu\u00f1iz por hacer realidad una obra largamente esperada, que transforma su entorno y mejora su vida diaria. \u201cMe da mucho gusto que por fin inicien [&hellip;]<\/p>\n","protected":false},"author":2,"featured_media":19223,"comment_status":"open","ping_status":"open","sticky":false,"template":"","format":"standard","meta":{"footnotes":""},"categories":[1,24,21],"tags":[1968,223,2247,1967,294,261,27,2815],"class_list":{"0":"post-19222","1":"post","2":"type-post","3":"status-publish","4":"format-standard","5":"has-post-thumbnail","7":"category-destacadas","8":"category-informacion-general","9":"category-tu-soledad","10":"tag-alcalde","11":"tag-ayuntamiento-soledense","12":"tag-genaro-vazquez","13":"tag-juan-manuel-navarro","14":"tag-san-luis","15":"tag-slp","16":"tag-soledad","17":"tag-vecinos"},"_links":{"self":[{"href":"https:\/\/cronicadesoledad.com\/index.php\/wp-json\/wp\/v2\/posts\/19222","targetHints":{"allow":["GET"]}}],"collection":[{"href":"https:\/\/cronicadesoledad.com\/index.php\/wp-json\/wp\/v2\/posts"}],"about":[{"href":"https:\/\/cronicadesoledad.com\/index.php\/wp-json\/wp\/v2\/types\/post"}],"author":[{"embeddable":true,"href":"https:\/\/cronicadesoledad.com\/index.php\/wp-json\/wp\/v2\/users\/2"}],"replies":[{"embeddable":true,"href":"https:\/\/cronicadesoledad.com\/index.php\/wp-json\/wp\/v2\/comments?post=19222"}],"version-history":[{"count":1,"href":"https:\/\/cronicadesoledad.com\/index.php\/wp-json\/wp\/v2\/posts\/19222\/revisions"}],"predecessor-version":[{"id":19224,"href":"https:\/\/cronicadesoledad.com\/index.php\/wp-json\/wp\/v2\/posts\/19222\/revisions\/19224"}],"wp:featuredmedia":[{"embeddable":true,"href":"https:\/\/cronicadesoledad.com\/index.php\/wp-json\/wp\/v2\/media\/19223"}],"wp:attachment":[{"href":"https:\/\/cronicadesoledad.com\/index.php\/wp-json\/wp\/v2\/media?parent=19222"}],"wp:term":[{"taxonomy":"category","embeddable":true,"href":"https:\/\/cronicadesoledad.com\/index.php\/wp-json\/wp\/v2\/categories?post=19222"},{"taxonomy":"post_tag","embeddable":true,"href":"https:\/\/cronicadesoledad.com\/index.php\/wp-json\/wp\/v2\/tags?post=19222"}],"curies":[{"name":"wp","href":"https:\/\/api.w.org\/{rel}","templated":true}]}}