{"id":19235,"date":"2025-05-22T19:00:00","date_gmt":"2025-05-23T01:00:00","guid":{"rendered":"https:\/\/cronicadesoledad.com\/?p=19235"},"modified":"2025-05-22T18:55:00","modified_gmt":"2025-05-23T00:55:00","slug":"campana-de-lentes-graduados-a-bajo-costo-en-soledad-del-26-al-30-de-mayo","status":"publish","type":"post","link":"https:\/\/cronicadesoledad.com\/index.php\/2025\/05\/22\/campana-de-lentes-graduados-a-bajo-costo-en-soledad-del-26-al-30-de-mayo\/","title":{"rendered":"Campa\u00f1a de lentes graduados a bajo costo en Soledad, del 26 al 30 de mayo"},"content":{"rendered":"\n<p>El Sistema Municipal DIF de Soledad de Graciano S\u00e1nchez llevar\u00e1 a cabo una campa\u00f1a de lentes graduados a bajo costo del 26 al 30 de mayo, con el objetivo de facilitar el acceso a servicios de salud visual para la poblaci\u00f3n.<\/p>\n\n\n\n<p>La campa\u00f1a se realizar\u00e1 en las instalaciones del DIF municipal, ubicadas en calle Huerta del Nogal #521, fraccionamiento San Gerardo, a unos metros de la Plaza Principal. El horario de atenci\u00f3n ser\u00e1 de 10:00 a 15:00 horas.<\/p>\n\n\n\n<p>Durante esta jornada, se ofrecer\u00e1n ex\u00e1menes de la vista por computadora de forma gratuita, y se brindar\u00e1 la posibilidad de adquirir lentes con descuentos superiores al 50%, permitiendo que m\u00e1s familias accedan a productos \u00f3pticos a precios accesibles.<\/p>\n\n\n\n<p>El programa est\u00e1 dirigido a toda la poblaci\u00f3n, con especial atenci\u00f3n a personas j\u00f3venes, adultos mayores y sectores vulnerables que requieren diagn\u00f3stico y correcci\u00f3n visual oportuna.<\/p>\n\n\n\n<p>Esta iniciativa forma parte de los servicios de asistencia social que promueve el municipio para responder a necesidades de salud b\u00e1sicas en la comunidad.<\/p>\n","protected":false},"excerpt":{"rendered":"<p>El Sistema Municipal DIF de Soledad de Graciano S\u00e1nchez llevar\u00e1 a cabo una campa\u00f1a de lentes graduados a bajo costo del 26 al 30 de mayo, con el objetivo de facilitar el acceso a servicios de salud visual para la poblaci\u00f3n. La campa\u00f1a se realizar\u00e1 en las instalaciones del DIF municipal, ubicadas en calle Huerta [&hellip;]<\/p>\n","protected":false},"author":1,"featured_media":19236,"comment_status":"open","ping_status":"open","sticky":false,"template":"","format":"standard","meta":{"footnotes":""},"categories":[24,21],"tags":[4320,387,261,27],"class_list":{"0":"post-19235","1":"post","2":"type-post","3":"status-publish","4":"format-standard","5":"has-post-thumbnail","7":"category-informacion-general","8":"category-tu-soledad","9":"tag-campana-de-lentes","10":"tag-dif","11":"tag-slp","12":"tag-soledad"},"_links":{"self":[{"href":"https:\/\/cronicadesoledad.com\/index.php\/wp-json\/wp\/v2\/posts\/19235","targetHints":{"allow":["GET"]}}],"collection":[{"href":"https:\/\/cronicadesoledad.com\/index.php\/wp-json\/wp\/v2\/posts"}],"about":[{"href":"https:\/\/cronicadesoledad.com\/index.php\/wp-json\/wp\/v2\/types\/post"}],"author":[{"embeddable":true,"href":"https:\/\/cronicadesoledad.com\/index.php\/wp-json\/wp\/v2\/users\/1"}],"replies":[{"embeddable":true,"href":"https:\/\/cronicadesoledad.com\/index.php\/wp-json\/wp\/v2\/comments?post=19235"}],"version-history":[{"count":1,"href":"https:\/\/cronicadesoledad.com\/index.php\/wp-json\/wp\/v2\/posts\/19235\/revisions"}],"predecessor-version":[{"id":19237,"href":"https:\/\/cronicadesoledad.com\/index.php\/wp-json\/wp\/v2\/posts\/19235\/revisions\/19237"}],"wp:featuredmedia":[{"embeddable":true,"href":"https:\/\/cronicadesoledad.com\/index.php\/wp-json\/wp\/v2\/media\/19236"}],"wp:attachment":[{"href":"https:\/\/cronicadesoledad.com\/index.php\/wp-json\/wp\/v2\/media?parent=19235"}],"wp:term":[{"taxonomy":"category","embeddable":true,"href":"https:\/\/cronicadesoledad.com\/index.php\/wp-json\/wp\/v2\/categories?post=19235"},{"taxonomy":"post_tag","embeddable":true,"href":"https:\/\/cronicadesoledad.com\/index.php\/wp-json\/wp\/v2\/tags?post=19235"}],"curies":[{"name":"wp","href":"https:\/\/api.w.org\/{rel}","templated":true}]}}