{"id":19282,"date":"2025-05-24T13:09:52","date_gmt":"2025-05-24T19:09:52","guid":{"rendered":"https:\/\/cronicadesoledad.com\/?p=19282"},"modified":"2025-05-24T13:09:52","modified_gmt":"2025-05-24T19:09:52","slug":"el-bernabeu-se-rinde-en-lagrimas-real-madrid-despide-con-honores-a-luka-modric-y-carlo-ancelotti","status":"publish","type":"post","link":"https:\/\/cronicadesoledad.com\/index.php\/2025\/05\/24\/el-bernabeu-se-rinde-en-lagrimas-real-madrid-despide-con-honores-a-luka-modric-y-carlo-ancelotti\/","title":{"rendered":"El Bernab\u00e9u se rinde en l\u00e1grimas: Real Madrid despide con honores a Luka Modric y Carlo Ancelotti"},"content":{"rendered":"\n<p>En una tarde que quedar\u00e1 grabada en la memoria colectiva del madridismo, el estadio Santiago Bernab\u00e9u vivi\u00f3 uno de los momentos m\u00e1s emotivos de su historia reciente. No se trat\u00f3 de una final ni de una gesta deportiva, sino de algo m\u00e1s profundo: la despedida de <strong>Luka Modric<\/strong> y <strong>Carlo Ancelotti<\/strong>, dos figuras legendarias que cerraron su ciclo en el club con una ceremonia cargada de gratitud, nostalgia y cari\u00f1o.<\/p>\n\n\n\n<p>A cinco minutos del final del partido frente a la Real Sociedad, Modric fue sustituido por \u00faltima vez en el Bernab\u00e9u. El estadio se puso en pie para ovacionar al genio croata, quien atraves\u00f3 el campo con l\u00e1grimas en los ojos, saludado por un pasillo de honor formado por ambos equipos. En el fondo lo esperaba <strong>Toni Kroos<\/strong>, su eterno compa\u00f1ero en la medular, con un abrazo que simboliz\u00f3 el fin de una era gloriosa.<\/p>\n\n\n\n<p>La emoci\u00f3n se multiplic\u00f3 tras el pitido final. Las luces se atenuaron para dar paso a dos videos homenaje: uno dedicado a Ancelotti, el estratega sereno de las noches inolvidables, y otro a Modric, el s\u00edmbolo de entrega y elegancia. Las im\u00e1genes arrancaron l\u00e1grimas en las gradas, en el banquillo y hasta en el palco, donde el presidente <strong>Florentino P\u00e9rez<\/strong> no pudo contener la emoci\u00f3n.<\/p>\n\n\n\n<p>Ya en el centro del campo, ambos protagonistas tomaron la palabra. El t\u00e9cnico italiano, conmovido, agradeci\u00f3 a la afici\u00f3n y al club:<br><em>&#8220;Ha sido un honor, un placer ser parte de esta familia. Este club es distinto. Aqu\u00ed se respira uni\u00f3n, se vive con pasi\u00f3n. No olvidar\u00e9 ni un solo d\u00eda en Valdebebas ni los goles de Karim al PSG, ni los de Rodrygo al City, ni el pase de Luka. Gracias de coraz\u00f3n. Hala Madrid y nada m\u00e1s&#8221;<\/em>, declar\u00f3 con voz entrecortada.<\/p>\n\n\n\n<p>Luego fue el turno de Modric, quien con la humildad que siempre lo caracteriz\u00f3, pronunci\u00f3 una frase que captur\u00f3 la esencia del momento:<br><em>&#8220;No llores porque se termin\u00f3, sonr\u00ede porque sucedi\u00f3&#8221;<\/em>.<br>El croata agradeci\u00f3 a su familia, compa\u00f1eros y cuerpo t\u00e9cnico, pero sobre todo al madridismo: <em>&#8220;El mayor trofeo que me llevo es el amor de la gente. Lo que viv\u00ed aqu\u00ed, desde el primer d\u00eda, no se puede describir. Esto lo guardo para siempre.&#8221;<\/em><\/p>\n\n\n\n<p>Modric, acompa\u00f1ado por su esposa e hijos, dio una vuelta de honor al estadio, besando el escudo y saludando a cada rinc\u00f3n de un coliseo que fue su casa durante casi 13 a\u00f1os. Ancelotti y \u00e9l fueron manteados por la plantilla entre aplausos ensordecedores, elevando al cielo el reconocimiento a dos leyendas vivientes.<\/p>\n\n\n\n<p>La ceremonia no solo sell\u00f3 una despedida digna, sino que tambi\u00e9n confirm\u00f3 una gran verdad: el Real Madrid no solo exige grandeza, tambi\u00e9n sabe honrarla. En una noche sin goles decisivos ni trofeos levantados, el Bernab\u00e9u llor\u00f3, sonri\u00f3 y se despidi\u00f3 con el alma. Porque lo vivido no fue simplemente f\u00fatbol. Fue historia. Fue eterno.<\/p>\n","protected":false},"excerpt":{"rendered":"<p>En una tarde que quedar\u00e1 grabada en la memoria colectiva del madridismo, el estadio Santiago Bernab\u00e9u vivi\u00f3 uno de los momentos m\u00e1s emotivos de su historia reciente. No se trat\u00f3 de una final ni de una gesta deportiva, sino de algo m\u00e1s profundo: la despedida de Luka Modric y Carlo Ancelotti, dos figuras legendarias que [&hellip;]<\/p>\n","protected":false},"author":1,"featured_media":19283,"comment_status":"open","ping_status":"open","sticky":false,"template":"","format":"standard","meta":{"footnotes":""},"categories":[20,1,24,3301],"tags":[4328,4097,4326,4327,3105],"class_list":{"0":"post-19282","1":"post","2":"type-post","3":"status-publish","4":"format-standard","5":"has-post-thumbnail","7":"category-cronica-deportiva","8":"category-destacadas","9":"category-informacion-general","10":"category-internacionales","11":"tag-carlo-ancelotti","12":"tag-despedida","13":"tag-futbol-internacional","14":"tag-luka-modric","15":"tag-real-madrid"},"_links":{"self":[{"href":"https:\/\/cronicadesoledad.com\/index.php\/wp-json\/wp\/v2\/posts\/19282","targetHints":{"allow":["GET"]}}],"collection":[{"href":"https:\/\/cronicadesoledad.com\/index.php\/wp-json\/wp\/v2\/posts"}],"about":[{"href":"https:\/\/cronicadesoledad.com\/index.php\/wp-json\/wp\/v2\/types\/post"}],"author":[{"embeddable":true,"href":"https:\/\/cronicadesoledad.com\/index.php\/wp-json\/wp\/v2\/users\/1"}],"replies":[{"embeddable":true,"href":"https:\/\/cronicadesoledad.com\/index.php\/wp-json\/wp\/v2\/comments?post=19282"}],"version-history":[{"count":1,"href":"https:\/\/cronicadesoledad.com\/index.php\/wp-json\/wp\/v2\/posts\/19282\/revisions"}],"predecessor-version":[{"id":19284,"href":"https:\/\/cronicadesoledad.com\/index.php\/wp-json\/wp\/v2\/posts\/19282\/revisions\/19284"}],"wp:featuredmedia":[{"embeddable":true,"href":"https:\/\/cronicadesoledad.com\/index.php\/wp-json\/wp\/v2\/media\/19283"}],"wp:attachment":[{"href":"https:\/\/cronicadesoledad.com\/index.php\/wp-json\/wp\/v2\/media?parent=19282"}],"wp:term":[{"taxonomy":"category","embeddable":true,"href":"https:\/\/cronicadesoledad.com\/index.php\/wp-json\/wp\/v2\/categories?post=19282"},{"taxonomy":"post_tag","embeddable":true,"href":"https:\/\/cronicadesoledad.com\/index.php\/wp-json\/wp\/v2\/tags?post=19282"}],"curies":[{"name":"wp","href":"https:\/\/api.w.org\/{rel}","templated":true}]}}