{"id":19295,"date":"2025-05-24T21:15:51","date_gmt":"2025-05-25T03:15:51","guid":{"rendered":"https:\/\/cronicadesoledad.com\/?p=19295"},"modified":"2025-05-24T21:15:51","modified_gmt":"2025-05-25T03:15:51","slug":"villa-de-pozos-impulsa-inclusion-de-mujeres-en-atencion-de-emergencias","status":"publish","type":"post","link":"https:\/\/cronicadesoledad.com\/index.php\/2025\/05\/24\/villa-de-pozos-impulsa-inclusion-de-mujeres-en-atencion-de-emergencias\/","title":{"rendered":"Villa de Pozos impulsa inclusi\u00f3n de mujeres en atenci\u00f3n de emergencias"},"content":{"rendered":"\n<p>El municipio de Villa de Pozos, a trav\u00e9s de la Direcci\u00f3n de Protecci\u00f3n Civil Municipal, ser\u00e1 sede del Primer Curso Nacional e Internacional de B\u00fasqueda y Rescate en Estructuras Colapsadas (BREC) dirigido exclusivamente a mujeres, con el objetivo de fortalecer sus destrezas y capacidades en situaciones cr\u00edticas de emergencia y desastre.<\/p>\n\n\n\n<p>El curso se llevar\u00e1 a cabo los d\u00edas 12, 13 y 14 de septiembre y est\u00e1 dise\u00f1ado para fomentar la inclusi\u00f3n de las mujeres en \u00e1reas estrat\u00e9gicas de seguridad y protecci\u00f3n civil para contribuir a una preparaci\u00f3n t\u00e9cnica y operativa en escenarios de riesgo.<\/p>\n\n\n\n<p>El director de Protecci\u00f3n Civil Municipal, Antonio Z\u00fa\u00f1iga \u00c1vila, explic\u00f3 que no se requiere experiencia previa, solo un firme compromiso con la vocaci\u00f3n de servicio y se\u00f1al\u00f3 que esta iniciativa es una oportunidad para que las mujeres adquieran herramientas profesionales en rescate y manejo de estructuras colapsadas.<\/p>\n\n\n\n<p>Las interesadas pueden obtener m\u00e1s informaci\u00f3n o comunicarse al n\u00famero 444 809 2548 o acudir directamente a las oficinas de la Coordinaci\u00f3n de Protecci\u00f3n Civil, ubicadas en Antiguo Camino a Santa Mar\u00eda del R\u00edo #531, Villa de Pozos.<\/p>\n","protected":false},"excerpt":{"rendered":"<p>El municipio de Villa de Pozos, a trav\u00e9s de la Direcci\u00f3n de Protecci\u00f3n Civil Municipal, ser\u00e1 sede del Primer Curso Nacional e Internacional de B\u00fasqueda y Rescate en Estructuras Colapsadas (BREC) dirigido exclusivamente a mujeres, con el objetivo de fortalecer sus destrezas y capacidades en situaciones cr\u00edticas de emergencia y desastre. El curso se llevar\u00e1 [&hellip;]<\/p>\n","protected":false},"author":1,"featured_media":19296,"comment_status":"open","ping_status":"open","sticky":false,"template":"","format":"standard","meta":{"footnotes":""},"categories":[3301,3175,19],"tags":[4330,294,276,261,1068],"class_list":{"0":"post-19295","1":"post","2":"type-post","3":"status-publish","4":"format-standard","5":"has-post-thumbnail","7":"category-internacionales","8":"category-pozos","9":"category-seguridad","10":"tag-inclusion-de-mujeres","11":"tag-san-luis","12":"tag-seguridad","13":"tag-slp","14":"tag-villa-de-pozos"},"_links":{"self":[{"href":"https:\/\/cronicadesoledad.com\/index.php\/wp-json\/wp\/v2\/posts\/19295","targetHints":{"allow":["GET"]}}],"collection":[{"href":"https:\/\/cronicadesoledad.com\/index.php\/wp-json\/wp\/v2\/posts"}],"about":[{"href":"https:\/\/cronicadesoledad.com\/index.php\/wp-json\/wp\/v2\/types\/post"}],"author":[{"embeddable":true,"href":"https:\/\/cronicadesoledad.com\/index.php\/wp-json\/wp\/v2\/users\/1"}],"replies":[{"embeddable":true,"href":"https:\/\/cronicadesoledad.com\/index.php\/wp-json\/wp\/v2\/comments?post=19295"}],"version-history":[{"count":1,"href":"https:\/\/cronicadesoledad.com\/index.php\/wp-json\/wp\/v2\/posts\/19295\/revisions"}],"predecessor-version":[{"id":19297,"href":"https:\/\/cronicadesoledad.com\/index.php\/wp-json\/wp\/v2\/posts\/19295\/revisions\/19297"}],"wp:featuredmedia":[{"embeddable":true,"href":"https:\/\/cronicadesoledad.com\/index.php\/wp-json\/wp\/v2\/media\/19296"}],"wp:attachment":[{"href":"https:\/\/cronicadesoledad.com\/index.php\/wp-json\/wp\/v2\/media?parent=19295"}],"wp:term":[{"taxonomy":"category","embeddable":true,"href":"https:\/\/cronicadesoledad.com\/index.php\/wp-json\/wp\/v2\/categories?post=19295"},{"taxonomy":"post_tag","embeddable":true,"href":"https:\/\/cronicadesoledad.com\/index.php\/wp-json\/wp\/v2\/tags?post=19295"}],"curies":[{"name":"wp","href":"https:\/\/api.w.org\/{rel}","templated":true}]}}