{"id":19309,"date":"2025-05-25T22:12:42","date_gmt":"2025-05-26T04:12:42","guid":{"rendered":"https:\/\/cronicadesoledad.com\/?p=19309"},"modified":"2025-05-25T22:12:42","modified_gmt":"2025-05-26T04:12:42","slug":"villa-de-pozos-impulsa-los-derechos-de-mujeres-en-el-municipio","status":"publish","type":"post","link":"https:\/\/cronicadesoledad.com\/index.php\/2025\/05\/25\/villa-de-pozos-impulsa-los-derechos-de-mujeres-en-el-municipio\/","title":{"rendered":"Villa de Pozos impulsa los derechos de mujeres en el municipio"},"content":{"rendered":"\n<p>Con el compromiso de avanzar hacia una sociedad m\u00e1s equitativa, el Gobierno de Villa de Pozos, a trav\u00e9s de la Instancia de la Mujer, llev\u00f3 a cabo una pl\u00e1tica informativa sobre los derechos de las mujeres, dirigida a las participantes del taller de tejido organizado por la Direcci\u00f3n de Cultura Municipal en la biblioteca \u201cDr. Francisco de As\u00eds Castro\u201d.<\/p>\n\n\n\n<p>La directora de la Instancia de la Mujer, Nelly L\u00f3pez Soto, resalt\u00f3 la importancia de que las mujeres conozcan y comprendan sus derechos para construir una localidad m\u00e1s justa e igualitaria y que las asistentes identifiquen situaciones de desigualdad y tipos de violencia que puedan enfrentar en su vida diaria, para poder actuar con informaci\u00f3n y herramientas adecuadas.<\/p>\n\n\n\n<p>L\u00f3pez Soto, se\u00f1al\u00f3 que este tipo de encuentros no s\u00f3lo informan, sino que fomentan la equidad en \u00e1reas clave como la educaci\u00f3n, el empleo, la salud y la participaci\u00f3n pol\u00edtica al empoderar a las mujeres de Villa de Pozos para su desarrollo y bienestar como parte de una serie de actividades que tienen como objetivo visibilizar la discriminaci\u00f3n, promover la igualdad sustantiva y generar conciencia social en torno a los derechos humanos de las mujeres.<\/p>\n\n\n\n<p>Como parte de las actividades de la Instancia de la Mujer, en coordinaci\u00f3n con la direcci\u00f3n de Desarrollo Social, se imparti\u00f3 una pl\u00e1tica en San Miguel de la Colina, con el objetivo de que habitantes de la zona conozcan los servicios que se ofrecen en la instancia, adem\u00e1s de continuar con las brigadas por los derechos de las ni\u00f1as y mujeres del municipio en diversas zonas de la localidad.<\/p>\n","protected":false},"excerpt":{"rendered":"<p>Con el compromiso de avanzar hacia una sociedad m\u00e1s equitativa, el Gobierno de Villa de Pozos, a trav\u00e9s de la Instancia de la Mujer, llev\u00f3 a cabo una pl\u00e1tica informativa sobre los derechos de las mujeres, dirigida a las participantes del taller de tejido organizado por la Direcci\u00f3n de Cultura Municipal en la biblioteca \u201cDr. [&hellip;]<\/p>\n","protected":false},"author":1,"featured_media":19310,"comment_status":"open","ping_status":"open","sticky":false,"template":"","format":"standard","meta":{"footnotes":""},"categories":[24,3175],"tags":[1419,3911,294,261,1068],"class_list":{"0":"post-19309","1":"post","2":"type-post","3":"status-publish","4":"format-standard","5":"has-post-thumbnail","7":"category-informacion-general","8":"category-pozos","9":"tag-derechos-de-las-mujeres","10":"tag-desarrollo-social","11":"tag-san-luis","12":"tag-slp","13":"tag-villa-de-pozos"},"_links":{"self":[{"href":"https:\/\/cronicadesoledad.com\/index.php\/wp-json\/wp\/v2\/posts\/19309","targetHints":{"allow":["GET"]}}],"collection":[{"href":"https:\/\/cronicadesoledad.com\/index.php\/wp-json\/wp\/v2\/posts"}],"about":[{"href":"https:\/\/cronicadesoledad.com\/index.php\/wp-json\/wp\/v2\/types\/post"}],"author":[{"embeddable":true,"href":"https:\/\/cronicadesoledad.com\/index.php\/wp-json\/wp\/v2\/users\/1"}],"replies":[{"embeddable":true,"href":"https:\/\/cronicadesoledad.com\/index.php\/wp-json\/wp\/v2\/comments?post=19309"}],"version-history":[{"count":1,"href":"https:\/\/cronicadesoledad.com\/index.php\/wp-json\/wp\/v2\/posts\/19309\/revisions"}],"predecessor-version":[{"id":19311,"href":"https:\/\/cronicadesoledad.com\/index.php\/wp-json\/wp\/v2\/posts\/19309\/revisions\/19311"}],"wp:featuredmedia":[{"embeddable":true,"href":"https:\/\/cronicadesoledad.com\/index.php\/wp-json\/wp\/v2\/media\/19310"}],"wp:attachment":[{"href":"https:\/\/cronicadesoledad.com\/index.php\/wp-json\/wp\/v2\/media?parent=19309"}],"wp:term":[{"taxonomy":"category","embeddable":true,"href":"https:\/\/cronicadesoledad.com\/index.php\/wp-json\/wp\/v2\/categories?post=19309"},{"taxonomy":"post_tag","embeddable":true,"href":"https:\/\/cronicadesoledad.com\/index.php\/wp-json\/wp\/v2\/tags?post=19309"}],"curies":[{"name":"wp","href":"https:\/\/api.w.org\/{rel}","templated":true}]}}