{"id":19315,"date":"2025-05-25T22:24:50","date_gmt":"2025-05-26T04:24:50","guid":{"rendered":"https:\/\/cronicadesoledad.com\/?p=19315"},"modified":"2025-05-25T22:24:50","modified_gmt":"2025-05-26T04:24:50","slug":"avanza-rehabilitacion-de-calle-vicente-guerrero-en-villa-de-pozos","status":"publish","type":"post","link":"https:\/\/cronicadesoledad.com\/index.php\/2025\/05\/25\/avanza-rehabilitacion-de-calle-vicente-guerrero-en-villa-de-pozos\/","title":{"rendered":"Avanza rehabilitaci\u00f3n de calle Vicente Guerrero en Villa de Pozos"},"content":{"rendered":"\n<p>El Gobierno municipal de Villa de Pozos, a trav\u00e9s de la Direcci\u00f3n de Infraestructura y Fortalecimiento Municipal, registra un avance superior al 85% en los trabajos de rehabilitaci\u00f3n de la calle Vicente Guerrero, de la cabecera municipal, donde recientemente se dio inicio a la colocaci\u00f3n de la carpeta asf\u00e1ltica, una de las etapas clave de este importante proyecto.<\/p>\n\n\n\n<p>La Presidenta Concejal Teresa Rivera Acevedo inform\u00f3 que actualmente se construyen m\u00e1s de 4,214 metros cuadrados de pavimento, lo que representar\u00e1 una mejora significativa en la movilidad vehicular y peatonal, de este importante cruce que conecta a la cabecera con fraccionamientos aleda\u00f1os y la comunidad de santa rita, adem\u00e1s de incrementar la seguridad para quienes transitan diariamente por esta vialidad.<\/p>\n\n\n\n<p>La obra contempla la reconstrucci\u00f3n de m\u00e1s de 3,000 metros cuadrados de arroyo vehicular, con un ancho promedio de once metros. Tambi\u00e9n incluye la rehabilitaci\u00f3n de banquetas, camellones y guarniciones, la modernizaci\u00f3n de los sistemas de agua potable y drenaje sanitario en seis puntos, as\u00ed como la instalaci\u00f3n de se\u00f1al\u00e9tica vial horizontal y vertical. Adem\u00e1s, de la renovaci\u00f3n de la red de alumbrado p\u00fablico con luminarias LED de \u00faltima generaci\u00f3n.<\/p>\n\n\n\n<p>Rivera Acevedo destac\u00f3 que este proyecto permitir\u00e1 resolver m\u00e1s de tres d\u00e9cadas de rezago en materia de infraestructura vial en tan solo unas semanas, gracias al compromiso del Gobierno Municipal de destinar recursos estrat\u00e9gicamente para lograr un desarrollo urbano ordenado, funcional y seguro para todas y todos.<\/p>\n","protected":false},"excerpt":{"rendered":"<p>El Gobierno municipal de Villa de Pozos, a trav\u00e9s de la Direcci\u00f3n de Infraestructura y Fortalecimiento Municipal, registra un avance superior al 85% en los trabajos de rehabilitaci\u00f3n de la calle Vicente Guerrero, de la cabecera municipal, donde recientemente se dio inicio a la colocaci\u00f3n de la carpeta asf\u00e1ltica, una de las etapas clave de [&hellip;]<\/p>\n","protected":false},"author":1,"featured_media":19316,"comment_status":"open","ping_status":"open","sticky":false,"template":"","format":"standard","meta":{"footnotes":""},"categories":[24,3175],"tags":[1245,3667,294,261,1068],"class_list":{"0":"post-19315","1":"post","2":"type-post","3":"status-publish","4":"format-standard","5":"has-post-thumbnail","7":"category-informacion-general","8":"category-pozos","9":"tag-infraestructura","10":"tag-rehabilitacion-de-calles","11":"tag-san-luis","12":"tag-slp","13":"tag-villa-de-pozos"},"_links":{"self":[{"href":"https:\/\/cronicadesoledad.com\/index.php\/wp-json\/wp\/v2\/posts\/19315","targetHints":{"allow":["GET"]}}],"collection":[{"href":"https:\/\/cronicadesoledad.com\/index.php\/wp-json\/wp\/v2\/posts"}],"about":[{"href":"https:\/\/cronicadesoledad.com\/index.php\/wp-json\/wp\/v2\/types\/post"}],"author":[{"embeddable":true,"href":"https:\/\/cronicadesoledad.com\/index.php\/wp-json\/wp\/v2\/users\/1"}],"replies":[{"embeddable":true,"href":"https:\/\/cronicadesoledad.com\/index.php\/wp-json\/wp\/v2\/comments?post=19315"}],"version-history":[{"count":1,"href":"https:\/\/cronicadesoledad.com\/index.php\/wp-json\/wp\/v2\/posts\/19315\/revisions"}],"predecessor-version":[{"id":19317,"href":"https:\/\/cronicadesoledad.com\/index.php\/wp-json\/wp\/v2\/posts\/19315\/revisions\/19317"}],"wp:featuredmedia":[{"embeddable":true,"href":"https:\/\/cronicadesoledad.com\/index.php\/wp-json\/wp\/v2\/media\/19316"}],"wp:attachment":[{"href":"https:\/\/cronicadesoledad.com\/index.php\/wp-json\/wp\/v2\/media?parent=19315"}],"wp:term":[{"taxonomy":"category","embeddable":true,"href":"https:\/\/cronicadesoledad.com\/index.php\/wp-json\/wp\/v2\/categories?post=19315"},{"taxonomy":"post_tag","embeddable":true,"href":"https:\/\/cronicadesoledad.com\/index.php\/wp-json\/wp\/v2\/tags?post=19315"}],"curies":[{"name":"wp","href":"https:\/\/api.w.org\/{rel}","templated":true}]}}