{"id":19350,"date":"2025-05-26T23:25:33","date_gmt":"2025-05-27T05:25:33","guid":{"rendered":"https:\/\/cronicadesoledad.com\/?p=19350"},"modified":"2025-05-26T23:25:33","modified_gmt":"2025-05-27T05:25:33","slug":"villa-de-pozos-realizara-jornada-de-vacunacion-abierta-a-toda-la-poblacion","status":"publish","type":"post","link":"https:\/\/cronicadesoledad.com\/index.php\/2025\/05\/26\/villa-de-pozos-realizara-jornada-de-vacunacion-abierta-a-toda-la-poblacion\/","title":{"rendered":"Villa de Pozos realizar\u00e1 jornada de vacunaci\u00f3n abierta a toda la poblaci\u00f3n"},"content":{"rendered":"\n<p>El Gobierno de Villa de Pozos, en coordinaci\u00f3n con la Secretar\u00eda de Salud del Estado, llevar\u00e1 a cabo una jornada de vacunaci\u00f3n el pr\u00f3ximo viernes 30 de mayo, en el jard\u00edn principal del municipio, en un horario de 12:00 a 15:00 horas, en busca de reforzar la salud preventiva y facilitar el acceso a servicios m\u00e9dicos esenciales para toda la comunidad.<\/p>\n\n\n\n<p>Durante esta jornada impulsada por la Comisi\u00f3n de Salud y Asistencia Socia del Concejo municipal de Villa de Pozos, se aplicar\u00e1n diversas vacunas fundamentales, entre ellas: triple viral (para menores de seis a\u00f1os), TdPa (para mujeres embarazadas), hexavalente, rotavirus, 13-valente, hepatitis B, as\u00ed como la vacuna contra el sarampi\u00f3n para personas menores de 40 a\u00f1os que no hayan padecido la enfermedad y la DTP.<\/p>\n\n\n\n<p>La Comisi\u00f3n de Salud destac\u00f3 la importancia de completar los esquemas de vacunaci\u00f3n y exhort\u00f3 a la ciudadan\u00eda a participar en la jornada, as\u00ed como asistir con CURP y cartilla de vacunaci\u00f3n para facilitar el registro y la correcta aplicaci\u00f3n de las dosis correspondientes.<\/p>\n\n\n\n<p>La campa\u00f1a est\u00e1 abierta a personas de todas las edades, por lo que cualquier habitante con vacunas pendientes podr\u00e1 aprovechar esta oportunidad para actualizar su esquema y contribuir a la protecci\u00f3n colectiva en la localidad.<\/p>\n","protected":false},"excerpt":{"rendered":"<p>El Gobierno de Villa de Pozos, en coordinaci\u00f3n con la Secretar\u00eda de Salud del Estado, llevar\u00e1 a cabo una jornada de vacunaci\u00f3n el pr\u00f3ximo viernes 30 de mayo, en el jard\u00edn principal del municipio, en un horario de 12:00 a 15:00 horas, en busca de reforzar la salud preventiva y facilitar el acceso a servicios [&hellip;]<\/p>\n","protected":false},"author":1,"featured_media":19351,"comment_status":"open","ping_status":"open","sticky":false,"template":"","format":"standard","meta":{"footnotes":""},"categories":[1,24,3175],"tags":[4334,269,294,261,1068],"class_list":{"0":"post-19350","1":"post","2":"type-post","3":"status-publish","4":"format-standard","5":"has-post-thumbnail","7":"category-destacadas","8":"category-informacion-general","9":"category-pozos","10":"tag-jornada-de-vacunacion","11":"tag-salud","12":"tag-san-luis","13":"tag-slp","14":"tag-villa-de-pozos"},"_links":{"self":[{"href":"https:\/\/cronicadesoledad.com\/index.php\/wp-json\/wp\/v2\/posts\/19350","targetHints":{"allow":["GET"]}}],"collection":[{"href":"https:\/\/cronicadesoledad.com\/index.php\/wp-json\/wp\/v2\/posts"}],"about":[{"href":"https:\/\/cronicadesoledad.com\/index.php\/wp-json\/wp\/v2\/types\/post"}],"author":[{"embeddable":true,"href":"https:\/\/cronicadesoledad.com\/index.php\/wp-json\/wp\/v2\/users\/1"}],"replies":[{"embeddable":true,"href":"https:\/\/cronicadesoledad.com\/index.php\/wp-json\/wp\/v2\/comments?post=19350"}],"version-history":[{"count":1,"href":"https:\/\/cronicadesoledad.com\/index.php\/wp-json\/wp\/v2\/posts\/19350\/revisions"}],"predecessor-version":[{"id":19352,"href":"https:\/\/cronicadesoledad.com\/index.php\/wp-json\/wp\/v2\/posts\/19350\/revisions\/19352"}],"wp:featuredmedia":[{"embeddable":true,"href":"https:\/\/cronicadesoledad.com\/index.php\/wp-json\/wp\/v2\/media\/19351"}],"wp:attachment":[{"href":"https:\/\/cronicadesoledad.com\/index.php\/wp-json\/wp\/v2\/media?parent=19350"}],"wp:term":[{"taxonomy":"category","embeddable":true,"href":"https:\/\/cronicadesoledad.com\/index.php\/wp-json\/wp\/v2\/categories?post=19350"},{"taxonomy":"post_tag","embeddable":true,"href":"https:\/\/cronicadesoledad.com\/index.php\/wp-json\/wp\/v2\/tags?post=19350"}],"curies":[{"name":"wp","href":"https:\/\/api.w.org\/{rel}","templated":true}]}}