{"id":19356,"date":"2025-05-26T23:37:29","date_gmt":"2025-05-27T05:37:29","guid":{"rendered":"https:\/\/cronicadesoledad.com\/?p=19356"},"modified":"2025-05-26T23:37:29","modified_gmt":"2025-05-27T05:37:29","slug":"villa-de-pozos-impulsa-inclusion-de-personas-con-discapacidad","status":"publish","type":"post","link":"https:\/\/cronicadesoledad.com\/index.php\/2025\/05\/26\/villa-de-pozos-impulsa-inclusion-de-personas-con-discapacidad\/","title":{"rendered":"Villa de Pozos impulsa inclusi\u00f3n de personas con discapacidad"},"content":{"rendered":"\n<p>El municipio de Villa de Pozos fue sede de la Consulta Ciudadana de Personas con Discapacidad, como parte del programa metropolitano y de la zona conurbada de San Luis Potos\u00ed, en donde se llev\u00f3 a cabo la primera fase de este ejercicio participativo, centrado en la escucha activa y la identificaci\u00f3n de necesidades reales de este sector de la poblaci\u00f3n.<\/p>\n\n\n\n<p>En esta etapa inicial, se realiz\u00f3 un acto informativo en las instalaciones del DIF Municipal, el cual cont\u00f3 con la participaci\u00f3n de m\u00e1s de 50 personas con discapacidad, quienes compartieron sus experiencias y planteamientos sobre los retos que enfrentan en su vida cotidiana y gracias a este primer acercamiento, se identificaron diversas necesidades fundamentales que permitir\u00e1n avanzar hacia la construcci\u00f3n de un municipio verdaderamente funcional e incluyente para las y los poce\u00f1os, declar\u00f3 el director de Desarrollo Urbano Municipal, Jorge Gerardo Mej\u00eda Reyes.<\/p>\n\n\n\n<p>Se\u00f1al\u00f3 que, una de las principales problem\u00e1ticas se\u00f1aladas por las y los asistentes fue la falta de respeto hacia los cajones de estacionamiento exclusivos para personas con discapacidad, lo cual limita su movilidad y acceso a espacios p\u00fablicos, situaci\u00f3n que fue destacada como una prioridad a atender con el fin de garantizar el derecho pleno a la accesibilidad.<\/p>\n\n\n\n<p>Como parte del seguimiento a este proceso, se inform\u00f3 que la fase consultiva de la Consulta Ciudadana se llevar\u00e1 a cabo el pr\u00f3ximo 4 de junio en la Biblioteca Municipal \u201cDr. Francisco de As\u00eds Castro\u201d, donde se abrir\u00e1 un espacio para atender, escuchar y registrar las propuestas y necesidades espec\u00edficas de las personas con discapacidad, con el objetivo de que sus voces sean tomadas en cuenta en el dise\u00f1o de pol\u00edticas p\u00fablicas que beneficien a toda la poblaci\u00f3n en Villa de Pozos.<\/p>\n","protected":false},"excerpt":{"rendered":"<p>El municipio de Villa de Pozos fue sede de la Consulta Ciudadana de Personas con Discapacidad, como parte del programa metropolitano y de la zona conurbada de San Luis Potos\u00ed, en donde se llev\u00f3 a cabo la primera fase de este ejercicio participativo, centrado en la escucha activa y la identificaci\u00f3n de necesidades reales de [&hellip;]<\/p>\n","protected":false},"author":1,"featured_media":19357,"comment_status":"open","ping_status":"open","sticky":false,"template":"","format":"standard","meta":{"footnotes":""},"categories":[24,3175],"tags":[4142,1239,294,261,1068],"class_list":{"0":"post-19356","1":"post","2":"type-post","3":"status-publish","4":"format-standard","5":"has-post-thumbnail","7":"category-informacion-general","8":"category-pozos","9":"tag-inclusion-2","10":"tag-personas-con-discapacidad","11":"tag-san-luis","12":"tag-slp","13":"tag-villa-de-pozos"},"_links":{"self":[{"href":"https:\/\/cronicadesoledad.com\/index.php\/wp-json\/wp\/v2\/posts\/19356","targetHints":{"allow":["GET"]}}],"collection":[{"href":"https:\/\/cronicadesoledad.com\/index.php\/wp-json\/wp\/v2\/posts"}],"about":[{"href":"https:\/\/cronicadesoledad.com\/index.php\/wp-json\/wp\/v2\/types\/post"}],"author":[{"embeddable":true,"href":"https:\/\/cronicadesoledad.com\/index.php\/wp-json\/wp\/v2\/users\/1"}],"replies":[{"embeddable":true,"href":"https:\/\/cronicadesoledad.com\/index.php\/wp-json\/wp\/v2\/comments?post=19356"}],"version-history":[{"count":1,"href":"https:\/\/cronicadesoledad.com\/index.php\/wp-json\/wp\/v2\/posts\/19356\/revisions"}],"predecessor-version":[{"id":19358,"href":"https:\/\/cronicadesoledad.com\/index.php\/wp-json\/wp\/v2\/posts\/19356\/revisions\/19358"}],"wp:featuredmedia":[{"embeddable":true,"href":"https:\/\/cronicadesoledad.com\/index.php\/wp-json\/wp\/v2\/media\/19357"}],"wp:attachment":[{"href":"https:\/\/cronicadesoledad.com\/index.php\/wp-json\/wp\/v2\/media?parent=19356"}],"wp:term":[{"taxonomy":"category","embeddable":true,"href":"https:\/\/cronicadesoledad.com\/index.php\/wp-json\/wp\/v2\/categories?post=19356"},{"taxonomy":"post_tag","embeddable":true,"href":"https:\/\/cronicadesoledad.com\/index.php\/wp-json\/wp\/v2\/tags?post=19356"}],"curies":[{"name":"wp","href":"https:\/\/api.w.org\/{rel}","templated":true}]}}