{"id":19381,"date":"2025-05-27T21:00:00","date_gmt":"2025-05-28T03:00:00","guid":{"rendered":"https:\/\/cronicadesoledad.com\/?p=19381"},"modified":"2025-05-27T19:54:11","modified_gmt":"2025-05-28T01:54:11","slug":"uaslp-entrego-presea-rafael-nieto","status":"publish","type":"post","link":"https:\/\/cronicadesoledad.com\/index.php\/2025\/05\/27\/uaslp-entrego-presea-rafael-nieto\/","title":{"rendered":"UASLP entreg\u00f3 Presea Rafael Nieto"},"content":{"rendered":"\n<p>La Universidad Aut\u00f3noma de San Luis Potos\u00ed (UASLP) celebr\u00f3 el 26 de mayo la entrega de la Presea Rafael Nieto Compe\u00e1n, un reconocimiento destinado a honrar a docentes con 28 a\u00f1os o m\u00e1s de servicio ininterrumpido a la instituci\u00f3n. El evento, organizado en conjunto con la Uni\u00f3n de Asociaciones del Personal Acad\u00e9mico (UAPA), se convirti\u00f3 en un homenaje al compromiso y la constancia en la formaci\u00f3n universitaria.<\/p>\n\n\n\n<p>Durante la ceremonia, la maestra Martha Luc\u00eda L\u00f3pez Almaguer, secretaria general de la UAPA-UASLP, destac\u00f3 que este galard\u00f3n no s\u00f3lo reconoce la permanencia, sino el sentido de pertenencia de las y los acad\u00e9micos con la vida universitaria. Subray\u00f3 que mantenerse en la docencia implica adaptarse constantemente a los cambios sociales y educativos, demostrando un compromiso ejemplar con el conocimiento y los valores.<\/p>\n\n\n\n<p>El rector Alejandro Javier Zerme\u00f1o Guerra resalt\u00f3 que la presea, instaurada hace una d\u00e9cada, simboliza la continuidad de una tradici\u00f3n universitaria que celebra trayectorias formadoras de generaciones. Agradeci\u00f3 a las y los galardonados por su entrega a la ense\u00f1anza, la investigaci\u00f3n y la extensi\u00f3n, enfatizando que su legado se mide en vidas impactadas y saberes transmitidos a lo largo de d\u00e9cadas.<\/p>\n\n\n\n<p>El acto cont\u00f3 con la presencia de autoridades acad\u00e9micas, familiares, estudiantes y colegas, quienes acompa\u00f1aron con aplausos a las y los docentes reconocidos. En el pres\u00eddium participaron tambi\u00e9n la MAE Ma. Luisa Helga S\u00e1nchez Almaz\u00e1n, la I.Q. Olga D\u00e1valos Montoya y el secretario acad\u00e9mico Jorge Alberto P\u00e9rez Gonz\u00e1lez, as\u00ed como directores de facultades y representantes de la comunidad universitaria, que coincidieron en resaltar la docencia como una vocaci\u00f3n que deja huella.<\/p>\n","protected":false},"excerpt":{"rendered":"<p>La Universidad Aut\u00f3noma de San Luis Potos\u00ed (UASLP) celebr\u00f3 el 26 de mayo la entrega de la Presea Rafael Nieto Compe\u00e1n, un reconocimiento destinado a honrar a docentes con 28 a\u00f1os o m\u00e1s de servicio ininterrumpido a la instituci\u00f3n. El evento, organizado en conjunto con la Uni\u00f3n de Asociaciones del Personal Acad\u00e9mico (UAPA), se convirti\u00f3 [&hellip;]<\/p>\n","protected":false},"author":1,"featured_media":19382,"comment_status":"open","ping_status":"open","sticky":false,"template":"","format":"standard","meta":{"footnotes":""},"categories":[24,3080,21,3160],"tags":[2222,4340,261,150],"class_list":{"0":"post-19381","1":"post","2":"type-post","3":"status-publish","4":"format-standard","5":"has-post-thumbnail","7":"category-informacion-general","8":"category-slp","9":"category-tu-soledad","10":"category-uaslp","11":"tag-docentes","12":"tag-medalla-rafael-nieto","13":"tag-slp","14":"tag-uaslp"},"_links":{"self":[{"href":"https:\/\/cronicadesoledad.com\/index.php\/wp-json\/wp\/v2\/posts\/19381","targetHints":{"allow":["GET"]}}],"collection":[{"href":"https:\/\/cronicadesoledad.com\/index.php\/wp-json\/wp\/v2\/posts"}],"about":[{"href":"https:\/\/cronicadesoledad.com\/index.php\/wp-json\/wp\/v2\/types\/post"}],"author":[{"embeddable":true,"href":"https:\/\/cronicadesoledad.com\/index.php\/wp-json\/wp\/v2\/users\/1"}],"replies":[{"embeddable":true,"href":"https:\/\/cronicadesoledad.com\/index.php\/wp-json\/wp\/v2\/comments?post=19381"}],"version-history":[{"count":1,"href":"https:\/\/cronicadesoledad.com\/index.php\/wp-json\/wp\/v2\/posts\/19381\/revisions"}],"predecessor-version":[{"id":19383,"href":"https:\/\/cronicadesoledad.com\/index.php\/wp-json\/wp\/v2\/posts\/19381\/revisions\/19383"}],"wp:featuredmedia":[{"embeddable":true,"href":"https:\/\/cronicadesoledad.com\/index.php\/wp-json\/wp\/v2\/media\/19382"}],"wp:attachment":[{"href":"https:\/\/cronicadesoledad.com\/index.php\/wp-json\/wp\/v2\/media?parent=19381"}],"wp:term":[{"taxonomy":"category","embeddable":true,"href":"https:\/\/cronicadesoledad.com\/index.php\/wp-json\/wp\/v2\/categories?post=19381"},{"taxonomy":"post_tag","embeddable":true,"href":"https:\/\/cronicadesoledad.com\/index.php\/wp-json\/wp\/v2\/tags?post=19381"}],"curies":[{"name":"wp","href":"https:\/\/api.w.org\/{rel}","templated":true}]}}