{"id":19388,"date":"2025-05-28T07:00:00","date_gmt":"2025-05-28T13:00:00","guid":{"rendered":"https:\/\/cronicadesoledad.com\/?p=19388"},"modified":"2025-05-27T22:13:59","modified_gmt":"2025-05-28T04:13:59","slug":"villa-de-pozos-promueve-autoempleo-con-curso-de-unas","status":"publish","type":"post","link":"https:\/\/cronicadesoledad.com\/index.php\/2025\/05\/28\/villa-de-pozos-promueve-autoempleo-con-curso-de-unas\/","title":{"rendered":"Villa de Pozos promueve autoempleo con curso de u\u00f1as"},"content":{"rendered":"\n<p>El Gobierno de Villa de Pozos, a trav\u00e9s de la Direcci\u00f3n de Participaci\u00f3n Ciudadana, inici\u00f3 con el curso de u\u00f1as en el Centro Comunitario \u201cMi Casita\u201d, ubicado en calle Ludoteca, colonia Estrellas de Oriente, en las instalaciones del antiguo rastro municipal, con el objetivo de fomentar el autoempleo y brindar herramientas de desarrollo personal y profesional.<\/p>\n\n\n\n<p>El director de Participaci\u00f3n Ciudadana, Juan Mar\u00edn Nava, inform\u00f3 que este curso est\u00e1 dirigido a todas las personas interesadas en aprender desde cero o en perfeccionar sus habilidades en la aplicaci\u00f3n de u\u00f1as.<\/p>\n\n\n\n<p>La capacitaci\u00f3n incluye conocimientos sobre manicure, pedicura, aplicaci\u00f3n de u\u00f1as acr\u00edlicas, gelish y otras t\u00e9cnicas que permitir\u00e1n a las y los participantes contar con herramientas para emprender su propio negocio.<\/p>\n\n\n\n<p>Las sesiones se imparten dos veces por semana, los d\u00edas lunes y mi\u00e9rcoles, en un horario de 10:00 a 12:00 horas, con una capacitaci\u00f3n continua para mejorar la calidad de vida de las familias poce\u00f1as y fortalecer la econom\u00eda local.<\/p>\n","protected":false},"excerpt":{"rendered":"<p>El Gobierno de Villa de Pozos, a trav\u00e9s de la Direcci\u00f3n de Participaci\u00f3n Ciudadana, inici\u00f3 con el curso de u\u00f1as en el Centro Comunitario \u201cMi Casita\u201d, ubicado en calle Ludoteca, colonia Estrellas de Oriente, en las instalaciones del antiguo rastro municipal, con el objetivo de fomentar el autoempleo y brindar herramientas de desarrollo personal y [&hellip;]<\/p>\n","protected":false},"author":1,"featured_media":19389,"comment_status":"open","ping_status":"open","sticky":false,"template":"","format":"standard","meta":{"footnotes":""},"categories":[1,24,3175],"tags":[4342,4343,294,261,1068],"class_list":{"0":"post-19388","1":"post","2":"type-post","3":"status-publish","4":"format-standard","5":"has-post-thumbnail","7":"category-destacadas","8":"category-informacion-general","9":"category-pozos","10":"tag-curso-de-unas","11":"tag-mi-casita","12":"tag-san-luis","13":"tag-slp","14":"tag-villa-de-pozos"},"_links":{"self":[{"href":"https:\/\/cronicadesoledad.com\/index.php\/wp-json\/wp\/v2\/posts\/19388","targetHints":{"allow":["GET"]}}],"collection":[{"href":"https:\/\/cronicadesoledad.com\/index.php\/wp-json\/wp\/v2\/posts"}],"about":[{"href":"https:\/\/cronicadesoledad.com\/index.php\/wp-json\/wp\/v2\/types\/post"}],"author":[{"embeddable":true,"href":"https:\/\/cronicadesoledad.com\/index.php\/wp-json\/wp\/v2\/users\/1"}],"replies":[{"embeddable":true,"href":"https:\/\/cronicadesoledad.com\/index.php\/wp-json\/wp\/v2\/comments?post=19388"}],"version-history":[{"count":1,"href":"https:\/\/cronicadesoledad.com\/index.php\/wp-json\/wp\/v2\/posts\/19388\/revisions"}],"predecessor-version":[{"id":19390,"href":"https:\/\/cronicadesoledad.com\/index.php\/wp-json\/wp\/v2\/posts\/19388\/revisions\/19390"}],"wp:featuredmedia":[{"embeddable":true,"href":"https:\/\/cronicadesoledad.com\/index.php\/wp-json\/wp\/v2\/media\/19389"}],"wp:attachment":[{"href":"https:\/\/cronicadesoledad.com\/index.php\/wp-json\/wp\/v2\/media?parent=19388"}],"wp:term":[{"taxonomy":"category","embeddable":true,"href":"https:\/\/cronicadesoledad.com\/index.php\/wp-json\/wp\/v2\/categories?post=19388"},{"taxonomy":"post_tag","embeddable":true,"href":"https:\/\/cronicadesoledad.com\/index.php\/wp-json\/wp\/v2\/tags?post=19388"}],"curies":[{"name":"wp","href":"https:\/\/api.w.org\/{rel}","templated":true}]}}