{"id":19400,"date":"2025-05-28T17:34:04","date_gmt":"2025-05-28T23:34:04","guid":{"rendered":"https:\/\/cronicadesoledad.com\/?p=19400"},"modified":"2025-05-28T17:34:04","modified_gmt":"2025-05-28T23:34:04","slug":"retiran-toneladas-de-basura-en-limpieza-de-la-plaza-principal-de-la-colonia-21-de-marzo","status":"publish","type":"post","link":"https:\/\/cronicadesoledad.com\/index.php\/2025\/05\/28\/retiran-toneladas-de-basura-en-limpieza-de-la-plaza-principal-de-la-colonia-21-de-marzo\/","title":{"rendered":"Retiran toneladas de basura en limpieza de la plaza principal de la colonia 21 de Marzo"},"content":{"rendered":"\n<p>Durante una jornada de limpieza que se extendi\u00f3 por dos d\u00edas, el Ayuntamiento de Soledad de Graciano S\u00e1nchez recolect\u00f3 aproximadamente 2.5 toneladas de basura en la plaza principal \u201cSolidaridad\u201d, ubicada en la colonia 21 de Marzo. Las labores tambi\u00e9n incluyeron deshierbe, poda de \u00e1rboles y aplicaci\u00f3n de pintura.<\/p>\n\n\n\n<p>La intervenci\u00f3n forma parte de un esquema de mantenimiento peri\u00f3dico que se lleva a cabo cada mes y medio, seg\u00fan inform\u00f3 Antonio Zamarripa Quintero, director de Servicios Municipales. El objetivo, dijo, es conservar el uso y la imagen del espacio, considerado un punto de encuentro para la comunidad.<\/p>\n\n\n\n<p>El funcionario tambi\u00e9n pidi\u00f3 la colaboraci\u00f3n de vecinos para preservar en buen estado la plaza, evitando da\u00f1os a la infraestructura y fomentando el respeto al entorno com\u00fan.<\/p>\n\n\n\n<p>Estas acciones se enmarcan en las tareas regulares de mantenimiento de espacios p\u00fablicos realizadas por el Gobierno Municipal de Soledad.<\/p>\n","protected":false},"excerpt":{"rendered":"<p>Durante una jornada de limpieza que se extendi\u00f3 por dos d\u00edas, el Ayuntamiento de Soledad de Graciano S\u00e1nchez recolect\u00f3 aproximadamente 2.5 toneladas de basura en la plaza principal \u201cSolidaridad\u201d, ubicada en la colonia 21 de Marzo. Las labores tambi\u00e9n incluyeron deshierbe, poda de \u00e1rboles y aplicaci\u00f3n de pintura. La intervenci\u00f3n forma parte de un esquema [&hellip;]<\/p>\n","protected":false},"author":1,"featured_media":19401,"comment_status":"open","ping_status":"open","sticky":false,"template":"","format":"standard","meta":{"footnotes":""},"categories":[24,21],"tags":[1954,581,2322,261,27],"class_list":{"0":"post-19400","1":"post","2":"type-post","3":"status-publish","4":"format-standard","5":"has-post-thumbnail","7":"category-informacion-general","8":"category-tu-soledad","9":"tag-21-de-marzo","10":"tag-limpieza","11":"tag-plaza-principal","12":"tag-slp","13":"tag-soledad"},"_links":{"self":[{"href":"https:\/\/cronicadesoledad.com\/index.php\/wp-json\/wp\/v2\/posts\/19400","targetHints":{"allow":["GET"]}}],"collection":[{"href":"https:\/\/cronicadesoledad.com\/index.php\/wp-json\/wp\/v2\/posts"}],"about":[{"href":"https:\/\/cronicadesoledad.com\/index.php\/wp-json\/wp\/v2\/types\/post"}],"author":[{"embeddable":true,"href":"https:\/\/cronicadesoledad.com\/index.php\/wp-json\/wp\/v2\/users\/1"}],"replies":[{"embeddable":true,"href":"https:\/\/cronicadesoledad.com\/index.php\/wp-json\/wp\/v2\/comments?post=19400"}],"version-history":[{"count":1,"href":"https:\/\/cronicadesoledad.com\/index.php\/wp-json\/wp\/v2\/posts\/19400\/revisions"}],"predecessor-version":[{"id":19402,"href":"https:\/\/cronicadesoledad.com\/index.php\/wp-json\/wp\/v2\/posts\/19400\/revisions\/19402"}],"wp:featuredmedia":[{"embeddable":true,"href":"https:\/\/cronicadesoledad.com\/index.php\/wp-json\/wp\/v2\/media\/19401"}],"wp:attachment":[{"href":"https:\/\/cronicadesoledad.com\/index.php\/wp-json\/wp\/v2\/media?parent=19400"}],"wp:term":[{"taxonomy":"category","embeddable":true,"href":"https:\/\/cronicadesoledad.com\/index.php\/wp-json\/wp\/v2\/categories?post=19400"},{"taxonomy":"post_tag","embeddable":true,"href":"https:\/\/cronicadesoledad.com\/index.php\/wp-json\/wp\/v2\/tags?post=19400"}],"curies":[{"name":"wp","href":"https:\/\/api.w.org\/{rel}","templated":true}]}}