{"id":19415,"date":"2025-05-28T18:45:00","date_gmt":"2025-05-29T00:45:00","guid":{"rendered":"https:\/\/cronicadesoledad.com\/?p=19415"},"modified":"2025-05-28T18:02:29","modified_gmt":"2025-05-29T00:02:29","slug":"dif-estatal-brinda-atencion-integral-a-personas-adultas-mayores-en-slp","status":"publish","type":"post","link":"https:\/\/cronicadesoledad.com\/index.php\/2025\/05\/28\/dif-estatal-brinda-atencion-integral-a-personas-adultas-mayores-en-slp\/","title":{"rendered":"DIF Estatal brinda atenci\u00f3n integral a personas adultas mayores en SLP"},"content":{"rendered":"\n<p>El Sistema Estatal para el Desarrollo Integral de la Familia (DIF) opera en San Luis Potos\u00ed un centro especializado para la atenci\u00f3n de personas adultas mayores, a trav\u00e9s del Instituto Geri\u00e1trico \u201cDr. Nicol\u00e1s Aguilar\u201d, el cual ofrece servicios m\u00e9dicos, residenciales y asistenciales a personas mayores de 60 a\u00f1os en situaci\u00f3n de vulnerabilidad.<\/p>\n\n\n\n<p>El instituto proporciona alojamiento permanente o temporal, adem\u00e1s de alimentaci\u00f3n, vestido y atenci\u00f3n b\u00e1sica. En el mismo espacio funciona el Centro Geronto-Geri\u00e1trico, donde se brinda atenci\u00f3n m\u00e9dica integral, con servicios en \u00e1reas como odontolog\u00eda, enfermer\u00eda, psicolog\u00eda, nutrici\u00f3n, podolog\u00eda, rehabilitaci\u00f3n y terapia f\u00edsica.<\/p>\n\n\n\n<p>Tambi\u00e9n se cuenta con una Estancia de D\u00eda, dirigida a personas con deterioro cognitivo cr\u00f3nico. Este servicio permite a las familias acceder a cuidados especializados para sus familiares durante el d\u00eda, bajo la supervisi\u00f3n de personal capacitado.<\/p>\n\n\n\n<p>La operaci\u00f3n de estos servicios forma parte de las acciones de asistencia social impulsadas desde el Gobierno del Estado, dirigidas a mejorar la calidad de vida de la poblaci\u00f3n adulta mayor.<\/p>\n","protected":false},"excerpt":{"rendered":"<p>El Sistema Estatal para el Desarrollo Integral de la Familia (DIF) opera en San Luis Potos\u00ed un centro especializado para la atenci\u00f3n de personas adultas mayores, a trav\u00e9s del Instituto Geri\u00e1trico \u201cDr. Nicol\u00e1s Aguilar\u201d, el cual ofrece servicios m\u00e9dicos, residenciales y asistenciales a personas mayores de 60 a\u00f1os en situaci\u00f3n de vulnerabilidad. El instituto proporciona [&hellip;]<\/p>\n","protected":false},"author":1,"featured_media":19416,"comment_status":"open","ping_status":"open","sticky":false,"template":"","format":"standard","meta":{"footnotes":""},"categories":[24,3163],"tags":[4350,383,261],"class_list":{"0":"post-19415","1":"post","2":"type-post","3":"status-publish","4":"format-standard","5":"has-post-thumbnail","7":"category-informacion-general","8":"category-san-luis-potosi","9":"tag-adultas-mayores","10":"tag-dif-estatal","11":"tag-slp"},"_links":{"self":[{"href":"https:\/\/cronicadesoledad.com\/index.php\/wp-json\/wp\/v2\/posts\/19415","targetHints":{"allow":["GET"]}}],"collection":[{"href":"https:\/\/cronicadesoledad.com\/index.php\/wp-json\/wp\/v2\/posts"}],"about":[{"href":"https:\/\/cronicadesoledad.com\/index.php\/wp-json\/wp\/v2\/types\/post"}],"author":[{"embeddable":true,"href":"https:\/\/cronicadesoledad.com\/index.php\/wp-json\/wp\/v2\/users\/1"}],"replies":[{"embeddable":true,"href":"https:\/\/cronicadesoledad.com\/index.php\/wp-json\/wp\/v2\/comments?post=19415"}],"version-history":[{"count":1,"href":"https:\/\/cronicadesoledad.com\/index.php\/wp-json\/wp\/v2\/posts\/19415\/revisions"}],"predecessor-version":[{"id":19417,"href":"https:\/\/cronicadesoledad.com\/index.php\/wp-json\/wp\/v2\/posts\/19415\/revisions\/19417"}],"wp:featuredmedia":[{"embeddable":true,"href":"https:\/\/cronicadesoledad.com\/index.php\/wp-json\/wp\/v2\/media\/19416"}],"wp:attachment":[{"href":"https:\/\/cronicadesoledad.com\/index.php\/wp-json\/wp\/v2\/media?parent=19415"}],"wp:term":[{"taxonomy":"category","embeddable":true,"href":"https:\/\/cronicadesoledad.com\/index.php\/wp-json\/wp\/v2\/categories?post=19415"},{"taxonomy":"post_tag","embeddable":true,"href":"https:\/\/cronicadesoledad.com\/index.php\/wp-json\/wp\/v2\/tags?post=19415"}],"curies":[{"name":"wp","href":"https:\/\/api.w.org\/{rel}","templated":true}]}}