{"id":19418,"date":"2025-06-02T03:10:00","date_gmt":"2025-06-02T09:10:00","guid":{"rendered":"https:\/\/cronicadesoledad.com\/?p=19418"},"modified":"2025-06-01T23:26:39","modified_gmt":"2025-06-02T05:26:39","slug":"reconstruyen-escuela-primaria-en-comunidad-de-soledad-tras-anos-de-deterioro","status":"publish","type":"post","link":"https:\/\/cronicadesoledad.com\/index.php\/2025\/06\/02\/reconstruyen-escuela-primaria-en-comunidad-de-soledad-tras-anos-de-deterioro\/","title":{"rendered":"Reconstruir\u00e1n escuela rural en comunidad Enrique Estrada"},"content":{"rendered":"\n<p>La primaria \u201cGraciano S\u00e1nchez\u201d, ubicada en la comunidad Enrique Estrada de Soledad de Graciano S\u00e1nchez, ser\u00e1 completamente rehabilitada luego de a\u00f1os de operar en condiciones precarias. La obra, impulsada por el Gobierno del Estado y el Ayuntamiento municipal, incluye la demolici\u00f3n de estructuras deterioradas y la construcci\u00f3n de nuevas instalaciones.<\/p>\n\n\n\n<p>El proyecto contempla la demolici\u00f3n de siete aulas, la edificaci\u00f3n de seis nuevas, la creaci\u00f3n de una direcci\u00f3n escolar y m\u00f3dulos de sanitarios, adem\u00e1s de la rehabilitaci\u00f3n de seis aulas existentes y la renovaci\u00f3n total del sistema de drenaje. La intervenci\u00f3n responde a la demanda de la comunidad educativa, que durante varios a\u00f1os solicit\u00f3 mejoras ante el mal estado del plantel.<\/p>\n\n\n\n<p>La falta de espacios adecuados oblig\u00f3 a los estudiantes a tomar clases en lugares improvisados. Con esta obra, se busca restablecer condiciones b\u00e1sicas para el aprendizaje en un entorno seguro y funcional.<\/p>\n\n\n\n<p>Madres, docentes y estudiantes coincidieron en que la intervenci\u00f3n representa una mejora sustancial para el desarrollo educativo de la ni\u00f1ez en la comunidad. Personal directivo y docente se\u00f1al\u00f3 que esta es la primera intervenci\u00f3n estructural significativa en m\u00e1s de siete d\u00e9cadas.<\/p>\n\n\n\n<p>Las autoridades municipales y estatales indicaron que este tipo de acciones forman parte de una estrategia para mejorar la infraestructura educativa tanto en zonas urbanas como rurales del municipio.<\/p>\n","protected":false},"excerpt":{"rendered":"<p>La primaria \u201cGraciano S\u00e1nchez\u201d, ubicada en la comunidad Enrique Estrada de Soledad de Graciano S\u00e1nchez, ser\u00e1 completamente rehabilitada luego de a\u00f1os de operar en condiciones precarias. La obra, impulsada por el Gobierno del Estado y el Ayuntamiento municipal, incluye la demolici\u00f3n de estructuras deterioradas y la construcci\u00f3n de nuevas instalaciones. El proyecto contempla la demolici\u00f3n [&hellip;]<\/p>\n","protected":false},"author":1,"featured_media":19419,"comment_status":"open","ping_status":"open","sticky":false,"template":"","format":"standard","meta":{"footnotes":""},"categories":[24,21],"tags":[223,1158,871,4351,261,27],"class_list":{"0":"post-19418","1":"post","2":"type-post","3":"status-publish","4":"format-standard","5":"has-post-thumbnail","7":"category-informacion-general","8":"category-tu-soledad","9":"tag-ayuntamiento-soledense","10":"tag-gobierno-del-estado","11":"tag-primaria","12":"tag-reconstruccion-de-escuela","13":"tag-slp","14":"tag-soledad"},"_links":{"self":[{"href":"https:\/\/cronicadesoledad.com\/index.php\/wp-json\/wp\/v2\/posts\/19418","targetHints":{"allow":["GET"]}}],"collection":[{"href":"https:\/\/cronicadesoledad.com\/index.php\/wp-json\/wp\/v2\/posts"}],"about":[{"href":"https:\/\/cronicadesoledad.com\/index.php\/wp-json\/wp\/v2\/types\/post"}],"author":[{"embeddable":true,"href":"https:\/\/cronicadesoledad.com\/index.php\/wp-json\/wp\/v2\/users\/1"}],"replies":[{"embeddable":true,"href":"https:\/\/cronicadesoledad.com\/index.php\/wp-json\/wp\/v2\/comments?post=19418"}],"version-history":[{"count":2,"href":"https:\/\/cronicadesoledad.com\/index.php\/wp-json\/wp\/v2\/posts\/19418\/revisions"}],"predecessor-version":[{"id":19581,"href":"https:\/\/cronicadesoledad.com\/index.php\/wp-json\/wp\/v2\/posts\/19418\/revisions\/19581"}],"wp:featuredmedia":[{"embeddable":true,"href":"https:\/\/cronicadesoledad.com\/index.php\/wp-json\/wp\/v2\/media\/19419"}],"wp:attachment":[{"href":"https:\/\/cronicadesoledad.com\/index.php\/wp-json\/wp\/v2\/media?parent=19418"}],"wp:term":[{"taxonomy":"category","embeddable":true,"href":"https:\/\/cronicadesoledad.com\/index.php\/wp-json\/wp\/v2\/categories?post=19418"},{"taxonomy":"post_tag","embeddable":true,"href":"https:\/\/cronicadesoledad.com\/index.php\/wp-json\/wp\/v2\/tags?post=19418"}],"curies":[{"name":"wp","href":"https:\/\/api.w.org\/{rel}","templated":true}]}}