{"id":19451,"date":"2025-05-28T21:00:00","date_gmt":"2025-05-29T03:00:00","guid":{"rendered":"https:\/\/cronicadesoledad.com\/?p=19451"},"modified":"2025-05-28T19:55:52","modified_gmt":"2025-05-29T01:55:52","slug":"feria-del-empleo-ofrecera-mas-de-200-vacantes-para-profesionistas-y-tecnicos-en-slp","status":"publish","type":"post","link":"https:\/\/cronicadesoledad.com\/index.php\/2025\/05\/28\/feria-del-empleo-ofrecera-mas-de-200-vacantes-para-profesionistas-y-tecnicos-en-slp\/","title":{"rendered":"Feria del Empleo ofrecer\u00e1 m\u00e1s de 200 vacantes para profesionistas y t\u00e9cnicos en SLP"},"content":{"rendered":"\n<p>La Secretar\u00eda del Trabajo y Previsi\u00f3n Social (STPS) de San Luis Potos\u00ed llevar\u00e1 a cabo una Feria del Empleo dirigida a profesionistas y t\u00e9cnicos el pr\u00f3ximo viernes 30 de mayo. El evento se realizar\u00e1 en las instalaciones del Tecnol\u00f3gico Salesiano Carlos G\u00f3mez, ubicado en Jos\u00e9 de Arlegui 900, en un horario de 9:00 a 14:00 horas.<\/p>\n\n\n\n<p>Durante la jornada, 15 empresas participar\u00e1n con una oferta de m\u00e1s de 200 vacantes laborales, dirigidas principalmente a j\u00f3venes reci\u00e9n egresados o con formaci\u00f3n t\u00e9cnica y profesional. La actividad forma parte de las acciones que promueve el gobierno estatal para facilitar el acceso al mercado laboral en sectores con alta demanda.<\/p>\n\n\n\n<p>Seg\u00fan la Secretar\u00eda del Trabajo, los empleos disponibles contemplan salarios competitivos y buscan cubrir perfiles especializados en diversas \u00e1reas. La feria est\u00e1 dise\u00f1ada como un punto de encuentro entre empresas y personas en b\u00fasqueda de empleo, con el objetivo de fortalecer el dinamismo econ\u00f3mico del estado.<\/p>\n\n\n\n<p>La dependencia estatal indic\u00f3 que estos eventos continuar\u00e1n realiz\u00e1ndose en diferentes puntos de la entidad como parte de una estrategia para ampliar las oportunidades laborales para la poblaci\u00f3n.<\/p>\n","protected":false},"excerpt":{"rendered":"<p>La Secretar\u00eda del Trabajo y Previsi\u00f3n Social (STPS) de San Luis Potos\u00ed llevar\u00e1 a cabo una Feria del Empleo dirigida a profesionistas y t\u00e9cnicos el pr\u00f3ximo viernes 30 de mayo. El evento se realizar\u00e1 en las instalaciones del Tecnol\u00f3gico Salesiano Carlos G\u00f3mez, ubicado en Jos\u00e9 de Arlegui 900, en un horario de 9:00 a 14:00 [&hellip;]<\/p>\n","protected":false},"author":1,"featured_media":19455,"comment_status":"open","ping_status":"open","sticky":false,"template":"","format":"standard","meta":{"footnotes":""},"categories":[24,3163],"tags":[120,4363,261,3204],"class_list":{"0":"post-19451","1":"post","2":"type-post","3":"status-publish","4":"format-standard","5":"has-post-thumbnail","7":"category-informacion-general","8":"category-san-luis-potosi","9":"tag-feria-del-empleo","10":"tag-profesionistas-y-tecnicos","11":"tag-slp","12":"tag-stps"},"_links":{"self":[{"href":"https:\/\/cronicadesoledad.com\/index.php\/wp-json\/wp\/v2\/posts\/19451","targetHints":{"allow":["GET"]}}],"collection":[{"href":"https:\/\/cronicadesoledad.com\/index.php\/wp-json\/wp\/v2\/posts"}],"about":[{"href":"https:\/\/cronicadesoledad.com\/index.php\/wp-json\/wp\/v2\/types\/post"}],"author":[{"embeddable":true,"href":"https:\/\/cronicadesoledad.com\/index.php\/wp-json\/wp\/v2\/users\/1"}],"replies":[{"embeddable":true,"href":"https:\/\/cronicadesoledad.com\/index.php\/wp-json\/wp\/v2\/comments?post=19451"}],"version-history":[{"count":1,"href":"https:\/\/cronicadesoledad.com\/index.php\/wp-json\/wp\/v2\/posts\/19451\/revisions"}],"predecessor-version":[{"id":19456,"href":"https:\/\/cronicadesoledad.com\/index.php\/wp-json\/wp\/v2\/posts\/19451\/revisions\/19456"}],"wp:featuredmedia":[{"embeddable":true,"href":"https:\/\/cronicadesoledad.com\/index.php\/wp-json\/wp\/v2\/media\/19455"}],"wp:attachment":[{"href":"https:\/\/cronicadesoledad.com\/index.php\/wp-json\/wp\/v2\/media?parent=19451"}],"wp:term":[{"taxonomy":"category","embeddable":true,"href":"https:\/\/cronicadesoledad.com\/index.php\/wp-json\/wp\/v2\/categories?post=19451"},{"taxonomy":"post_tag","embeddable":true,"href":"https:\/\/cronicadesoledad.com\/index.php\/wp-json\/wp\/v2\/tags?post=19451"}],"curies":[{"name":"wp","href":"https:\/\/api.w.org\/{rel}","templated":true}]}}