{"id":19452,"date":"2025-05-28T19:53:54","date_gmt":"2025-05-29T01:53:54","guid":{"rendered":"https:\/\/cronicadesoledad.com\/?p=19452"},"modified":"2025-05-28T19:53:54","modified_gmt":"2025-05-29T01:53:54","slug":"realizaran-feria-del-empleo-para-profesionistas-y-tecnicos","status":"publish","type":"post","link":"https:\/\/cronicadesoledad.com\/index.php\/2025\/05\/28\/realizaran-feria-del-empleo-para-profesionistas-y-tecnicos\/","title":{"rendered":"Realizar\u00e1n feria del empleo para profesionistas y t\u00e9cnicos"},"content":{"rendered":"\n<p>La Secretar\u00eda del Trabajo y Previsi\u00f3n Social (STPS) realizar\u00e1 la Feria del Empleo para Profesionistas y T\u00e9cnicos, este viernes 30 de mayo en el Tecnol\u00f3gico Salesiano Carlos G\u00f3mez, ubicado en Jos\u00e9 de Arlegui 900, donde ofertar\u00e1n m\u00e1s de 200 oportunidades laborales.<\/p>\n\n\n\n<p>El evento dise\u00f1ado para que las y los j\u00f3venes talentosos encuentren oportunidades sin l\u00edmites, se realizar\u00e1 de 9:00 a 14:00 horas, con la participaci\u00f3n de 15 empresas, como parte de las acciones a favor de la juventud y el dinamismo del Estado impulsadas por el Gobierno estatal, inform\u00f3 el titular de la dependencia Cris\u00f3gono S\u00e1nchez Lara.<\/p>\n\n\n\n<p>En San Luis Potos\u00ed se impulsan sin l\u00edmites las oportunidades laborales, ofreciendo salarios competitivos para las y los potosinos, afirm\u00f3 S\u00e1nchez Lara.<\/p>\n","protected":false},"excerpt":{"rendered":"<p>La Secretar\u00eda del Trabajo y Previsi\u00f3n Social (STPS) realizar\u00e1 la Feria del Empleo para Profesionistas y T\u00e9cnicos, este viernes 30 de mayo en el Tecnol\u00f3gico Salesiano Carlos G\u00f3mez, ubicado en Jos\u00e9 de Arlegui 900, donde ofertar\u00e1n m\u00e1s de 200 oportunidades laborales. El evento dise\u00f1ado para que las y los j\u00f3venes talentosos encuentren oportunidades sin l\u00edmites, [&hellip;]<\/p>\n","protected":false},"author":1,"featured_media":19453,"comment_status":"open","ping_status":"open","sticky":false,"template":"","format":"standard","meta":{"footnotes":""},"categories":[24,3163,3080],"tags":[120,294,261,3204],"class_list":{"0":"post-19452","1":"post","2":"type-post","3":"status-publish","4":"format-standard","5":"has-post-thumbnail","7":"category-informacion-general","8":"category-san-luis-potosi","9":"category-slp","10":"tag-feria-del-empleo","11":"tag-san-luis","12":"tag-slp","13":"tag-stps"},"_links":{"self":[{"href":"https:\/\/cronicadesoledad.com\/index.php\/wp-json\/wp\/v2\/posts\/19452","targetHints":{"allow":["GET"]}}],"collection":[{"href":"https:\/\/cronicadesoledad.com\/index.php\/wp-json\/wp\/v2\/posts"}],"about":[{"href":"https:\/\/cronicadesoledad.com\/index.php\/wp-json\/wp\/v2\/types\/post"}],"author":[{"embeddable":true,"href":"https:\/\/cronicadesoledad.com\/index.php\/wp-json\/wp\/v2\/users\/1"}],"replies":[{"embeddable":true,"href":"https:\/\/cronicadesoledad.com\/index.php\/wp-json\/wp\/v2\/comments?post=19452"}],"version-history":[{"count":1,"href":"https:\/\/cronicadesoledad.com\/index.php\/wp-json\/wp\/v2\/posts\/19452\/revisions"}],"predecessor-version":[{"id":19454,"href":"https:\/\/cronicadesoledad.com\/index.php\/wp-json\/wp\/v2\/posts\/19452\/revisions\/19454"}],"wp:featuredmedia":[{"embeddable":true,"href":"https:\/\/cronicadesoledad.com\/index.php\/wp-json\/wp\/v2\/media\/19453"}],"wp:attachment":[{"href":"https:\/\/cronicadesoledad.com\/index.php\/wp-json\/wp\/v2\/media?parent=19452"}],"wp:term":[{"taxonomy":"category","embeddable":true,"href":"https:\/\/cronicadesoledad.com\/index.php\/wp-json\/wp\/v2\/categories?post=19452"},{"taxonomy":"post_tag","embeddable":true,"href":"https:\/\/cronicadesoledad.com\/index.php\/wp-json\/wp\/v2\/tags?post=19452"}],"curies":[{"name":"wp","href":"https:\/\/api.w.org\/{rel}","templated":true}]}}