{"id":19559,"date":"2025-06-02T03:03:00","date_gmt":"2025-06-02T09:03:00","guid":{"rendered":"https:\/\/cronicadesoledad.com\/?p=19559"},"modified":"2025-06-01T23:05:17","modified_gmt":"2025-06-02T05:05:17","slug":"del-toro-quedo-fuera-tras-hacer-historia-en-italia","status":"publish","type":"post","link":"https:\/\/cronicadesoledad.com\/index.php\/2025\/06\/02\/del-toro-quedo-fuera-tras-hacer-historia-en-italia\/","title":{"rendered":"Del Toro qued\u00f3 fuera tras hacer historia en Italia"},"content":{"rendered":"\n<p>El ciclista mexicano Isaac del Toro culmin\u00f3 una destacada actuaci\u00f3n en el Giro de Italia 2025, finalizando en segundo lugar de la clasificaci\u00f3n general. Con solo 21 a\u00f1os, se convirti\u00f3 en el primer mexicano en portar la &#8216;maglia rosa&#8217; durante diez etapas y en subir al podio de esta prestigiosa competencia.<\/p>\n\n\n\n<p>Del Toro tambi\u00e9n se adjudic\u00f3 la clasificaci\u00f3n de mejor joven, portando la camiseta blanca, y gan\u00f3 la etapa 17 del Giro. Su desempe\u00f1o ha sido considerado una revelaci\u00f3n en el ciclismo internacional, generando gran entusiasmo en M\u00e9xico y posicion\u00e1ndolo como una promesa del deporte nacional.<\/p>\n\n\n\n<p>En la pen\u00faltima etapa, Simon Yates lanz\u00f3 un ataque decisivo en el Colle delle Finestre, superando a Del Toro y a Richard Carapaz, y asegurando su victoria en la general. A pesar de perder el liderato, Del Toro expres\u00f3 orgullo por su desempe\u00f1o y reconoci\u00f3 la estrategia superior del equipo Visma.<\/p>\n\n\n\n<p>La actuaci\u00f3n de Del Toro ha sido comparada con la de otros grandes deportistas mexicanos, como Checo P\u00e9rez y Lorena Ochoa, destacando su impacto en un deporte donde M\u00e9xico ha tenido poca representaci\u00f3n. Su historia inspira a una nueva generaci\u00f3n de ciclistas en el pa\u00eds.<\/p>\n","protected":false},"excerpt":{"rendered":"<p>El ciclista mexicano Isaac del Toro culmin\u00f3 una destacada actuaci\u00f3n en el Giro de Italia 2025, finalizando en segundo lugar de la clasificaci\u00f3n general. Con solo 21 a\u00f1os, se convirti\u00f3 en el primer mexicano en portar la &#8216;maglia rosa&#8217; durante diez etapas y en subir al podio de esta prestigiosa competencia. Del Toro tambi\u00e9n se [&hellip;]<\/p>\n","protected":false},"author":2,"featured_media":19560,"comment_status":"open","ping_status":"open","sticky":false,"template":"","format":"standard","meta":{"footnotes":""},"categories":[20,1,24],"tags":[1981,271,288,4345,3038,287,294,261,27],"class_list":{"0":"post-19559","1":"post","2":"type-post","3":"status-publish","4":"format-standard","5":"has-post-thumbnail","7":"category-cronica-deportiva","8":"category-destacadas","9":"category-informacion-general","10":"tag-cronica-deportiva-2","11":"tag-deporte","12":"tag-internacional","13":"tag-isaac-del-toro","14":"tag-italia","15":"tag-nacional","16":"tag-san-luis","17":"tag-slp","18":"tag-soledad"},"_links":{"self":[{"href":"https:\/\/cronicadesoledad.com\/index.php\/wp-json\/wp\/v2\/posts\/19559","targetHints":{"allow":["GET"]}}],"collection":[{"href":"https:\/\/cronicadesoledad.com\/index.php\/wp-json\/wp\/v2\/posts"}],"about":[{"href":"https:\/\/cronicadesoledad.com\/index.php\/wp-json\/wp\/v2\/types\/post"}],"author":[{"embeddable":true,"href":"https:\/\/cronicadesoledad.com\/index.php\/wp-json\/wp\/v2\/users\/2"}],"replies":[{"embeddable":true,"href":"https:\/\/cronicadesoledad.com\/index.php\/wp-json\/wp\/v2\/comments?post=19559"}],"version-history":[{"count":1,"href":"https:\/\/cronicadesoledad.com\/index.php\/wp-json\/wp\/v2\/posts\/19559\/revisions"}],"predecessor-version":[{"id":19561,"href":"https:\/\/cronicadesoledad.com\/index.php\/wp-json\/wp\/v2\/posts\/19559\/revisions\/19561"}],"wp:featuredmedia":[{"embeddable":true,"href":"https:\/\/cronicadesoledad.com\/index.php\/wp-json\/wp\/v2\/media\/19560"}],"wp:attachment":[{"href":"https:\/\/cronicadesoledad.com\/index.php\/wp-json\/wp\/v2\/media?parent=19559"}],"wp:term":[{"taxonomy":"category","embeddable":true,"href":"https:\/\/cronicadesoledad.com\/index.php\/wp-json\/wp\/v2\/categories?post=19559"},{"taxonomy":"post_tag","embeddable":true,"href":"https:\/\/cronicadesoledad.com\/index.php\/wp-json\/wp\/v2\/tags?post=19559"}],"curies":[{"name":"wp","href":"https:\/\/api.w.org\/{rel}","templated":true}]}}