{"id":19565,"date":"2025-06-02T03:04:00","date_gmt":"2025-06-02T09:04:00","guid":{"rendered":"https:\/\/cronicadesoledad.com\/?p=19565"},"modified":"2025-06-01T23:10:12","modified_gmt":"2025-06-02T05:10:12","slug":"psg-humillo-al-inter-de-milan-y-obtuvo-su-primera-champions","status":"publish","type":"post","link":"https:\/\/cronicadesoledad.com\/index.php\/2025\/06\/02\/psg-humillo-al-inter-de-milan-y-obtuvo-su-primera-champions\/","title":{"rendered":"PSG humill\u00f3 al Inter de Milan y obtuvo su primera Champions"},"content":{"rendered":"\n<p>El Paris Saint-Germain se coron\u00f3 campe\u00f3n de la UEFA Champions League 2024-25 tras vencer 5-0 al Inter de Mil\u00e1n en la final disputada el s\u00e1bado 31 de mayo en el Allianz Arena de M\u00fanich. Este triunfo representa el primer t\u00edtulo europeo para el club parisino y la mayor diferencia de goles registrada en una final del torneo.<\/p>\n\n\n\n<p>Bajo la direcci\u00f3n de Luis Enrique, el PSG domin\u00f3 el encuentro desde el inicio, con una destacada actuaci\u00f3n de D\u00e9sir\u00e9 Dou\u00e9, quien fue nombrado Jugador del Partido. El equipo franc\u00e9s logr\u00f3 completar un triplete hist\u00f3rico, al sumar este t\u00edtulo a sus conquistas en la liga y la copa dom\u00e9sticas.<\/p>\n\n\n\n<p>La final tambi\u00e9n reafirm\u00f3 la llamada &#8216;ley de M\u00fanich&#8217;, ya que cada vez que se disputa una final de Champions en esta ciudad, el vencedor es un campe\u00f3n in\u00e9dito. Anteriormente, equipos como Chelsea, Borussia Dortmund y Olympique de Marsella lograron su primer t\u00edtulo europeo en M\u00fanich.<\/p>\n\n\n\n<p>Con este resultado, el PSG se une al selecto grupo de clubes que han ganado la Champions League, y se prepara para enfrentar al Tottenham Hotspur en la Supercopa de la UEFA 2025. Adem\u00e1s, el equipo parisino asegura su participaci\u00f3n en el Mundial de Clubes 2029.<\/p>\n","protected":false},"excerpt":{"rendered":"<p>El Paris Saint-Germain se coron\u00f3 campe\u00f3n de la UEFA Champions League 2024-25 tras vencer 5-0 al Inter de Mil\u00e1n en la final disputada el s\u00e1bado 31 de mayo en el Allianz Arena de M\u00fanich. Este triunfo representa el primer t\u00edtulo europeo para el club parisino y la mayor diferencia de goles registrada en una final [&hellip;]<\/p>\n","protected":false},"author":2,"featured_media":19566,"comment_status":"open","ping_status":"open","sticky":false,"template":"","format":"standard","meta":{"footnotes":""},"categories":[20,1,24],"tags":[1981,271,272,4387,288,287,4386,294,261,27,4176],"class_list":{"0":"post-19565","1":"post","2":"type-post","3":"status-publish","4":"format-standard","5":"has-post-thumbnail","7":"category-cronica-deportiva","8":"category-destacadas","9":"category-informacion-general","10":"tag-cronica-deportiva-2","11":"tag-deporte","12":"tag-futbol","13":"tag-inter-de-milan","14":"tag-internacional","15":"tag-nacional","16":"tag-psg","17":"tag-san-luis","18":"tag-slp","19":"tag-soledad","20":"tag-uefa-champions-league"},"_links":{"self":[{"href":"https:\/\/cronicadesoledad.com\/index.php\/wp-json\/wp\/v2\/posts\/19565","targetHints":{"allow":["GET"]}}],"collection":[{"href":"https:\/\/cronicadesoledad.com\/index.php\/wp-json\/wp\/v2\/posts"}],"about":[{"href":"https:\/\/cronicadesoledad.com\/index.php\/wp-json\/wp\/v2\/types\/post"}],"author":[{"embeddable":true,"href":"https:\/\/cronicadesoledad.com\/index.php\/wp-json\/wp\/v2\/users\/2"}],"replies":[{"embeddable":true,"href":"https:\/\/cronicadesoledad.com\/index.php\/wp-json\/wp\/v2\/comments?post=19565"}],"version-history":[{"count":1,"href":"https:\/\/cronicadesoledad.com\/index.php\/wp-json\/wp\/v2\/posts\/19565\/revisions"}],"predecessor-version":[{"id":19567,"href":"https:\/\/cronicadesoledad.com\/index.php\/wp-json\/wp\/v2\/posts\/19565\/revisions\/19567"}],"wp:featuredmedia":[{"embeddable":true,"href":"https:\/\/cronicadesoledad.com\/index.php\/wp-json\/wp\/v2\/media\/19566"}],"wp:attachment":[{"href":"https:\/\/cronicadesoledad.com\/index.php\/wp-json\/wp\/v2\/media?parent=19565"}],"wp:term":[{"taxonomy":"category","embeddable":true,"href":"https:\/\/cronicadesoledad.com\/index.php\/wp-json\/wp\/v2\/categories?post=19565"},{"taxonomy":"post_tag","embeddable":true,"href":"https:\/\/cronicadesoledad.com\/index.php\/wp-json\/wp\/v2\/tags?post=19565"}],"curies":[{"name":"wp","href":"https:\/\/api.w.org\/{rel}","templated":true}]}}