{"id":19642,"date":"2025-06-03T21:30:00","date_gmt":"2025-06-04T03:30:00","guid":{"rendered":"https:\/\/cronicadesoledad.com\/?p=19642"},"modified":"2025-06-03T20:59:17","modified_gmt":"2025-06-04T02:59:17","slug":"soledad-refuerza-operativos-para-regular-manejo-de-residuos-y-prevenir-danos-ambientales","status":"publish","type":"post","link":"https:\/\/cronicadesoledad.com\/index.php\/2025\/06\/03\/soledad-refuerza-operativos-para-regular-manejo-de-residuos-y-prevenir-danos-ambientales\/","title":{"rendered":"Soledad refuerza operativos para regular manejo de residuos y prevenir da\u00f1os ambientales"},"content":{"rendered":"\n<p><strong>Soledad de Graciano S\u00e1nchez, S.L.P.<\/strong> \u2013 Para evitar malas pr\u00e1cticas en la recolecci\u00f3n de residuos s\u00f3lidos y garantizar un entorno m\u00e1s limpio, el Ayuntamiento de Soledad de Graciano S\u00e1nchez, a trav\u00e9s de la Direcci\u00f3n de Ecolog\u00eda Municipal, intensific\u00f3 la supervisi\u00f3n a recolectores particulares mediante operativos diarios con la Unidad Vehicular Ecol\u00f3gica.<\/p>\n\n\n\n<p>La estrategia incluye recorridos en zonas como el circuito Potos\u00ed, donde se monitorean las rutas de recolectores que, en algunos casos, han sido se\u00f1alados por dejar desechos en la v\u00eda p\u00fablica. Hasta el momento, se han aplicado seis sanciones por incumplimientos y se han emitido diversas recomendaciones.<\/p>\n\n\n\n<p>Adem\u00e1s, algunos recolectores fueron citados a firmar cartas compromiso, en las que se obligan a mejorar sus procedimientos y respetar las disposiciones ambientales vigentes.<\/p>\n\n\n\n<p>La titular de Ecolog\u00eda, Yazmin Luna Barrios, explic\u00f3 que esta vigilancia forma parte de una pol\u00edtica de control ambiental y prevenci\u00f3n de da\u00f1os al entorno, con el objetivo de mantener espacios limpios y saludables para las y los habitantes del municipio.<\/p>\n\n\n\n<p>Asegur\u00f3 que los operativos continuar\u00e1n de manera permanente durante toda la administraci\u00f3n, como parte del esfuerzo por fomentar pr\u00e1cticas responsables y fortalecer la cultura ambiental entre la ciudadan\u00eda.<\/p>\n","protected":false},"excerpt":{"rendered":"<p>Soledad de Graciano S\u00e1nchez, S.L.P. \u2013 Para evitar malas pr\u00e1cticas en la recolecci\u00f3n de residuos s\u00f3lidos y garantizar un entorno m\u00e1s limpio, el Ayuntamiento de Soledad de Graciano S\u00e1nchez, a trav\u00e9s de la Direcci\u00f3n de Ecolog\u00eda Municipal, intensific\u00f3 la supervisi\u00f3n a recolectores particulares mediante operativos diarios con la Unidad Vehicular Ecol\u00f3gica. La estrategia incluye recorridos [&hellip;]<\/p>\n","protected":false},"author":1,"featured_media":19644,"comment_status":"open","ping_status":"open","sticky":false,"template":"","format":"standard","meta":{"footnotes":""},"categories":[1,24,21],"tags":[223,558,261,27],"class_list":{"0":"post-19642","1":"post","2":"type-post","3":"status-publish","4":"format-standard","5":"has-post-thumbnail","7":"category-destacadas","8":"category-informacion-general","9":"category-tu-soledad","10":"tag-ayuntamiento-soledense","11":"tag-direccion-de-ecologia","12":"tag-slp","13":"tag-soledad"},"_links":{"self":[{"href":"https:\/\/cronicadesoledad.com\/index.php\/wp-json\/wp\/v2\/posts\/19642","targetHints":{"allow":["GET"]}}],"collection":[{"href":"https:\/\/cronicadesoledad.com\/index.php\/wp-json\/wp\/v2\/posts"}],"about":[{"href":"https:\/\/cronicadesoledad.com\/index.php\/wp-json\/wp\/v2\/types\/post"}],"author":[{"embeddable":true,"href":"https:\/\/cronicadesoledad.com\/index.php\/wp-json\/wp\/v2\/users\/1"}],"replies":[{"embeddable":true,"href":"https:\/\/cronicadesoledad.com\/index.php\/wp-json\/wp\/v2\/comments?post=19642"}],"version-history":[{"count":1,"href":"https:\/\/cronicadesoledad.com\/index.php\/wp-json\/wp\/v2\/posts\/19642\/revisions"}],"predecessor-version":[{"id":19646,"href":"https:\/\/cronicadesoledad.com\/index.php\/wp-json\/wp\/v2\/posts\/19642\/revisions\/19646"}],"wp:featuredmedia":[{"embeddable":true,"href":"https:\/\/cronicadesoledad.com\/index.php\/wp-json\/wp\/v2\/media\/19644"}],"wp:attachment":[{"href":"https:\/\/cronicadesoledad.com\/index.php\/wp-json\/wp\/v2\/media?parent=19642"}],"wp:term":[{"taxonomy":"category","embeddable":true,"href":"https:\/\/cronicadesoledad.com\/index.php\/wp-json\/wp\/v2\/categories?post=19642"},{"taxonomy":"post_tag","embeddable":true,"href":"https:\/\/cronicadesoledad.com\/index.php\/wp-json\/wp\/v2\/tags?post=19642"}],"curies":[{"name":"wp","href":"https:\/\/api.w.org\/{rel}","templated":true}]}}