{"id":19663,"date":"2025-06-04T00:01:32","date_gmt":"2025-06-04T06:01:32","guid":{"rendered":"https:\/\/cronicadesoledad.com\/?p=19663"},"modified":"2025-06-04T00:01:33","modified_gmt":"2025-06-04T06:01:33","slug":"villa-de-pozos-se-suma-a-coordinacion-interinstitucional-ante-la-temporada-de-lluvias","status":"publish","type":"post","link":"https:\/\/cronicadesoledad.com\/index.php\/2025\/06\/04\/villa-de-pozos-se-suma-a-coordinacion-interinstitucional-ante-la-temporada-de-lluvias\/","title":{"rendered":"Villa de Pozos se suma a coordinaci\u00f3n interinstitucional ante la temporada de lluvias"},"content":{"rendered":"\n<p>Con el objetivo de proteger a la ciudadan\u00eda y mitigar las afectaciones provocadas por las recientes lluvias e inundaciones, el Gobierno de Villa de Pozos, encabezado por la Presidenta Concejal, Teresa Rivera Acevedo, particip\u00f3 en la reuni\u00f3n convocada por el Gobierno del Estado, la Coordinaci\u00f3n Estatal de Protecci\u00f3n Civil (CEPC) y la Comisi\u00f3n Nacional del Agua (CONAGUA).<\/p>\n\n\n\n<p>La Presidenta Concejal, reafirm\u00f3 el compromiso de su administraci\u00f3n para trabajar de manera coordinada con las diferentes instancias gubernamentales y destac\u00f3 que ya se implementan acciones preventivas desde diversas direcciones municipales, as\u00ed como la mejora de la infraestructura h\u00eddrica del municipio, como medida fundamental para evitar graves inundaciones.<\/p>\n\n\n\n<p>El Gobernador del Estado, Ricardo Gallardo Cardona, reconoci\u00f3 la disposici\u00f3n de los municipios, como Villa de Pozos, para atender los efectos de las lluvias y exhort\u00f3 a la poblaci\u00f3n a no arrojar basura en calles y drenajes y pidi\u00f3 redoblar esfuerzos conjuntos para ofrecer soluciones efectivas a la ciudadan\u00eda.<\/p>\n\n\n\n<p>Por su parte, Protecci\u00f3n Civil Estatal enfatiz\u00f3 la importancia de la colaboraci\u00f3n interinstitucional para prevenir accidentes derivados de las lluvias, como ca\u00eddas de \u00e1rboles, colapsos de drenaje y percances viales y recomend\u00f3 a cada uno de los 59 municipios identificar zonas de riesgo y establecer estrategias locales de prevenci\u00f3n.<\/p>\n\n\n\n<p>La CONAGUA, puso a disposici\u00f3n de los municipios recursos t\u00e9cnicos como pipas, bombas de desag\u00fce, plantas potabilizadoras, gr\u00faas, torres de iluminaci\u00f3n y generadores de energ\u00eda, para atender de manera eficiente cualquier eventualidad.<\/p>\n","protected":false},"excerpt":{"rendered":"<p>Con el objetivo de proteger a la ciudadan\u00eda y mitigar las afectaciones provocadas por las recientes lluvias e inundaciones, el Gobierno de Villa de Pozos, encabezado por la Presidenta Concejal, Teresa Rivera Acevedo, particip\u00f3 en la reuni\u00f3n convocada por el Gobierno del Estado, la Coordinaci\u00f3n Estatal de Protecci\u00f3n Civil (CEPC) y la Comisi\u00f3n Nacional del [&hellip;]<\/p>\n","protected":false},"author":1,"featured_media":19664,"comment_status":"open","ping_status":"open","sticky":false,"template":"","format":"standard","meta":{"footnotes":""},"categories":[1,24,3175],"tags":[1374,294,261,4313,1068],"class_list":{"0":"post-19663","1":"post","2":"type-post","3":"status-publish","4":"format-standard","5":"has-post-thumbnail","7":"category-destacadas","8":"category-informacion-general","9":"category-pozos","10":"tag-conagua","11":"tag-san-luis","12":"tag-slp","13":"tag-temporada-de-lluvias","14":"tag-villa-de-pozos"},"_links":{"self":[{"href":"https:\/\/cronicadesoledad.com\/index.php\/wp-json\/wp\/v2\/posts\/19663","targetHints":{"allow":["GET"]}}],"collection":[{"href":"https:\/\/cronicadesoledad.com\/index.php\/wp-json\/wp\/v2\/posts"}],"about":[{"href":"https:\/\/cronicadesoledad.com\/index.php\/wp-json\/wp\/v2\/types\/post"}],"author":[{"embeddable":true,"href":"https:\/\/cronicadesoledad.com\/index.php\/wp-json\/wp\/v2\/users\/1"}],"replies":[{"embeddable":true,"href":"https:\/\/cronicadesoledad.com\/index.php\/wp-json\/wp\/v2\/comments?post=19663"}],"version-history":[{"count":1,"href":"https:\/\/cronicadesoledad.com\/index.php\/wp-json\/wp\/v2\/posts\/19663\/revisions"}],"predecessor-version":[{"id":19665,"href":"https:\/\/cronicadesoledad.com\/index.php\/wp-json\/wp\/v2\/posts\/19663\/revisions\/19665"}],"wp:featuredmedia":[{"embeddable":true,"href":"https:\/\/cronicadesoledad.com\/index.php\/wp-json\/wp\/v2\/media\/19664"}],"wp:attachment":[{"href":"https:\/\/cronicadesoledad.com\/index.php\/wp-json\/wp\/v2\/media?parent=19663"}],"wp:term":[{"taxonomy":"category","embeddable":true,"href":"https:\/\/cronicadesoledad.com\/index.php\/wp-json\/wp\/v2\/categories?post=19663"},{"taxonomy":"post_tag","embeddable":true,"href":"https:\/\/cronicadesoledad.com\/index.php\/wp-json\/wp\/v2\/tags?post=19663"}],"curies":[{"name":"wp","href":"https:\/\/api.w.org\/{rel}","templated":true}]}}